{"id":989,"date":"2023-04-17T00:12:53","date_gmt":"2023-04-17T05:12:53","guid":{"rendered":"https:\/\/todes.com.mx\/?p=989"},"modified":"2023-04-17T00:12:55","modified_gmt":"2023-04-17T05:12:55","slug":"positivo-negativo-memoria-visual-de-la-lucha-contra-el-sida","status":"publish","type":"post","link":"https:\/\/todes.com.mx\/?p=989","title":{"rendered":"<strong>Positivo Negativo: Memoria Visual de la Lucha contra el Sida<\/strong>"},"content":{"rendered":"\n<h2 class=\"wp-block-heading\">A partir del pr\u00f3ximo 20 de abril y hasta el 16 de julio, el museo Centro de la Imagen (Plaza de la Ciudadela no. 2, Centro Hist\u00f3rico, CDMX) ser\u00e1 sede de la exposici\u00f3n fotogr\u00e1fica \u201cPositivo negativo\u201d, una revisi\u00f3n hist\u00f3rica de la lucha contra el sida en la ciudad de M\u00e9xico durante los a\u00f1os 80 y 90.<\/h2>\n\n\n\n<p>Con la curadur\u00eda de C\u00e9sar Gonz\u00e1lez-Aguirre, la muestra incluye obras in\u00e9ditas e im\u00e1genes fotogr\u00e1ficas de la esfera art\u00edstica, el activismo y la cultura popular, las cuales dan cuenta de fen\u00f3menos sociales como la censura, la represi\u00f3n, el deseo y el disenso en torno a la llegada del sida a M\u00e9xico en la d\u00e9cada de los ochenta.<\/p>\n\n\n\n<p>La exhibici\u00f3n fue provista de una memoria visual heredada por artistas que se han amparado al cuerpo como basti\u00f3n de lucha para darle un significado social; adem\u00e1s, reflexiona en torno a la concepci\u00f3n del otro, la enfermedad y la muerte.<\/p>\n\n\n\n<p>&nbsp;\u201cPositivo negativo. Adherencias culturales en la lucha contra sida en M\u00e9xico\u201d incluye obras de artistas como Yolanda Andrade, Maris Bustamante, Rogelio Cu\u00e9llar, Paolo Gasparini, Terry Holiday, Agust\u00edn Mart\u00ednez Castro, M\u00f3nica Mayer, Richard Moszka, Armando Cristeto, Adolfo P\u00e9rez Butr\u00f3n, Taller de Documentaci\u00f3n Visual y David Wojnarowicz, entre otros.<\/p>\n\n\n\n<p>Abierto al p\u00fablico desde 1994, el Centro de la Imagen es un museo dedicado a la exhibici\u00f3n, preservaci\u00f3n y divulgaci\u00f3n de la fotograf\u00eda y la imagen de la CDMX; sus actividades tambi\u00e9n incluyen talleres, seminarios y encuentros. <\/p>\n\n\n\n<p>A partir de este jueves 20 de abril el Centro de la Imagen tambi\u00e9n albergar\u00e1 otras tres exposiciones: una del pionero de la fotograf\u00eda publicitaria Tufic Yazbek, otra de Gloria Frausto y una m\u00e1s de artistas emergentes de Am\u00e9rica Latina que exploran su perspectiva sobre las violencias machistas, el g\u00e9nero, la salud mental, los territorios y sus fen\u00f3menos socioculturales, as\u00ed como los imaginarios alrededor de la noche, la fiesta y los mitos medi\u00e1ticos.<\/p>\n\n\n\n<p><\/p>\n","protected":false},"excerpt":{"rendered":"<p>A partir del pr\u00f3ximo 20 de abril y hasta el 16 de julio, el museo Centro de la Imagen (Plaza de la Ciudadela no. 2, Centro Hist\u00f3rico, CDMX) ser\u00e1 sede de la exposici\u00f3n fotogr\u00e1fica \u201cPositivo negativo\u201d, una revisi\u00f3n hist\u00f3rica de la lucha contra el sida en la ciudad de M\u00e9xico durante los a\u00f1os 80 y [&hellip;]<\/p>\n","protected":false},"author":1,"featured_media":990,"comment_status":"open","ping_status":"open","sticky":false,"template":"","format":"standard","meta":{"advgb_blocks_editor_width":"","advgb_blocks_columns_visual_guide":"","footnotes":""},"categories":[4,180,3,2,179],"tags":[201,402,421,284],"class_list":["post-989","post","type-post","status-publish","format-standard","has-post-thumbnail","hentry","category-arte-cultura","category-derechos-umanos","category-historia","category-orgullo-lgbtq","category-salud-y-ciencia","tag-portada","tag-serofobia","tag-seropositivo","tag-vih"],"author_meta":{"display_name":"Revista Todes","author_link":"https:\/\/todes.com.mx\/?author=1"},"featured_img":"https:\/\/todes.com.mx\/wp-content\/uploads\/2023\/04\/Positivo-Negativo-300x300.jpg","coauthors":[],"tax_additional":{"categories":{"linked":["<a href=\"https:\/\/todes.com.mx\/?cat=4\" class=\"advgb-post-tax-term\">Arte y Cultura<\/a>","<a href=\"https:\/\/todes.com.mx\/?cat=180\" class=\"advgb-post-tax-term\">Derechos Humanos<\/a>","<a href=\"https:\/\/todes.com.mx\/?cat=3\" class=\"advgb-post-tax-term\">Historia<\/a>","<a href=\"https:\/\/todes.com.mx\/?cat=2\" class=\"advgb-post-tax-term\">Orgullo LGBT<\/a>","<a href=\"https:\/\/todes.com.mx\/?cat=179\" class=\"advgb-post-tax-term\">Salud y Ciencia<\/a>"],"unlinked":["<span class=\"advgb-post-tax-term\">Arte y Cultura<\/span>","<span class=\"advgb-post-tax-term\">Derechos Humanos<\/span>","<span class=\"advgb-post-tax-term\">Historia<\/span>","<span class=\"advgb-post-tax-term\">Orgullo LGBT<\/span>","<span class=\"advgb-post-tax-term\">Salud y Ciencia<\/span>"]},"tags":{"linked":["<a href=\"https:\/\/todes.com.mx\/?cat=179\" class=\"advgb-post-tax-term\">portada<\/a>","<a href=\"https:\/\/todes.com.mx\/?cat=179\" class=\"advgb-post-tax-term\">Serofobia<\/a>","<a href=\"https:\/\/todes.com.mx\/?cat=179\" class=\"advgb-post-tax-term\">Seropositivo<\/a>","<a href=\"https:\/\/todes.com.mx\/?cat=179\" class=\"advgb-post-tax-term\">VIH<\/a>"],"unlinked":["<span class=\"advgb-post-tax-term\">portada<\/span>","<span class=\"advgb-post-tax-term\">Serofobia<\/span>","<span class=\"advgb-post-tax-term\">Seropositivo<\/span>","<span class=\"advgb-post-tax-term\">VIH<\/span>"]}},"comment_count":"0","relative_dates":{"created":"Publicado 3 a\u00f1os hace","modified":"Actualizado 3 a\u00f1os hace"},"absolute_dates":{"created":"Publicado el 17 de abril de 2023","modified":"Actualizado el 17 de abril de 2023"},"absolute_dates_time":{"created":"Publicado el 17 de abril de 2023 00:12","modified":"Actualizado el 17 de abril de 2023 00:12"},"featured_img_caption":"","series_order":"","amp_enabled":true,"_links":{"self":[{"href":"https:\/\/todes.com.mx\/index.php?rest_route=\/wp\/v2\/posts\/989","targetHints":{"allow":["GET"]}}],"collection":[{"href":"https:\/\/todes.com.mx\/index.php?rest_route=\/wp\/v2\/posts"}],"about":[{"href":"https:\/\/todes.com.mx\/index.php?rest_route=\/wp\/v2\/types\/post"}],"author":[{"embeddable":true,"href":"https:\/\/todes.com.mx\/index.php?rest_route=\/wp\/v2\/users\/1"}],"replies":[{"embeddable":true,"href":"https:\/\/todes.com.mx\/index.php?rest_route=%2Fwp%2Fv2%2Fcomments&post=989"}],"version-history":[{"count":2,"href":"https:\/\/todes.com.mx\/index.php?rest_route=\/wp\/v2\/posts\/989\/revisions"}],"predecessor-version":[{"id":992,"href":"https:\/\/todes.com.mx\/index.php?rest_route=\/wp\/v2\/posts\/989\/revisions\/992"}],"wp:featuredmedia":[{"embeddable":true,"href":"https:\/\/todes.com.mx\/index.php?rest_route=\/wp\/v2\/media\/990"}],"wp:attachment":[{"href":"https:\/\/todes.com.mx\/index.php?rest_route=%2Fwp%2Fv2%2Fmedia&parent=989"}],"wp:term":[{"taxonomy":"category","embeddable":true,"href":"https:\/\/todes.com.mx\/index.php?rest_route=%2Fwp%2Fv2%2Fcategories&post=989"},{"taxonomy":"post_tag","embeddable":true,"href":"https:\/\/todes.com.mx\/index.php?rest_route=%2Fwp%2Fv2%2Ftags&post=989"}],"curies":[{"name":"wp","href":"https:\/\/api.w.org\/{rel}","templated":true}]}}