{"id":765,"date":"2022-10-22T12:04:22","date_gmt":"2022-10-22T17:04:22","guid":{"rendered":"https:\/\/todes.com.mx\/?p=765"},"modified":"2022-10-22T12:04:25","modified_gmt":"2022-10-22T17:04:25","slug":"vacuna-contra-la-viruela-simica-ya","status":"publish","type":"post","link":"https:\/\/todes.com.mx\/?p=765","title":{"rendered":"Vacuna contra la Viruela S\u00edmica \u00a1YA!"},"content":{"rendered":"\n<h4 class=\"wp-block-heading\">Ante la omisi\u00f3n y homofobia del subsecretario de Salud, Hugo L\u00f3pez-Gatell, activistas LGBTTTI protestaron una vez m\u00e1s y exigieron al gobierno federal garantizar su derecho a salud previsto en el art\u00edculo cuarto constitucional, a trav\u00e9s de la compra de vacunas contra la viruela s\u00edmica, que en M\u00e9xico afecta principalmente a los hombres con VIH y que tienen sexo con hombres.<\/h4>\n\n\n\n<p>De acuerdo con las m\u00e1s recientes cifras oficiales, hasta el pasado 17 de octubre, en el territorio nacional se hab\u00edan confirmado 2 mil 468 casos de este padecimiento.<\/p>\n\n\n\n<figure class=\"wp-block-image size-full\"><img loading=\"lazy\" decoding=\"async\" width=\"819\" height=\"614\" src=\"https:\/\/todes.com.mx\/wp-content\/uploads\/2022\/10\/VAcuna-ya-viruela-simica.jpeg\" alt=\"\" class=\"wp-image-768\" srcset=\"https:\/\/todes.com.mx\/wp-content\/uploads\/2022\/10\/VAcuna-ya-viruela-simica.jpeg 819w, https:\/\/todes.com.mx\/wp-content\/uploads\/2022\/10\/VAcuna-ya-viruela-simica-300x225.jpeg 300w, https:\/\/todes.com.mx\/wp-content\/uploads\/2022\/10\/VAcuna-ya-viruela-simica-768x576.jpeg 768w\" sizes=\"auto, (max-width: 819px) 100vw, 819px\" \/><\/figure>\n\n\n\n<p>Tras una convocatoria en redes sociales, integrantes de organizaciones civiles se concentraron frente a las oficinas del Centro Nacional de Programas Preventivos y Control de Enfermedades (CENAPRECE) en donde la consigna \u201c\u00a1Viruela no, vacuna s\u00ed!\u201d prevaleci\u00f3 a lo largo de casi dos horas en que bloquearon parte del cruce de Benjam\u00edn Franklin y Patriotismo.<\/p>\n\n\n\n<p>En punto del mediod\u00eda de este viernes, los inconformes reclamaron a la Secretar\u00eda de Salud que a diferencia de otras naciones latinoamericanas, como Brasil, Chile y Per\u00fa, las autoridades de M\u00e9xico se han negado a adquirir vacunas a trav\u00e9s del Fondo Rotatorio de la Organizaci\u00f3n Panamericana de la Salud (OPS).<\/p>\n\n\n\n<h4 class=\"wp-block-heading\">Personal del CENAPRECE recibi\u00f3 el pliego petitorio dirigido al subsecretario de Salud, Hugo L\u00f3pez-Gatell en el que los activistas encabezados por Ala\u00edn Pinz\u00f3n, de VIHve Libre exigieron informaci\u00f3n y avances del Grupo de Vacunaci\u00f3n, as\u00ed como el estatus de la autorizaci\u00f3n de la Comisi\u00f3n Federal para la Protecci\u00f3n contra Riesgos Sanitarios (COFEPRIS) de la vacuna disponible para Latinoam\u00e9rica.<\/h4>\n\n\n\n<p>El documento pidi\u00f3 tambi\u00e9n a L\u00f3pez-Gatell una explicaci\u00f3n sobre sus declaraciones en torno a la eficacia de la vacuna, un informe conjunto del CENAPRECE y del Grupo de Vacunaci\u00f3n, una reuni\u00f3n urgente y abierta con el funcionario, as\u00ed como el estatus del avance de la descentralizaci\u00f3n de las pruebas diagn\u00f3sticas,<\/p>\n\n\n\n<p>En la protesta y v\u00eda twitter, Ala\u00edn Pinz\u00f3n advirti\u00f3 al subsecretario de Salud que el activismo continuar\u00e1 con las protestas, denuncias y exigencias hasta obtener la vacuna, misma que dijeron, no est\u00e1 disponible por la homofobia, prejuicios y falta de atenci\u00f3n del funcionario. Al mismo tiempo, colocaron vinilos en las instalaciones del CENAPRECE y realizaron pintas en su fachada.<\/p>\n\n\n\n<figure class=\"wp-block-image size-full\"><img loading=\"lazy\" decoding=\"async\" width=\"720\" height=\"540\" src=\"https:\/\/todes.com.mx\/wp-content\/uploads\/2022\/10\/vacuna-ya-viuela-del-mono.jpeg\" alt=\"\" class=\"wp-image-769\" srcset=\"https:\/\/todes.com.mx\/wp-content\/uploads\/2022\/10\/vacuna-ya-viuela-del-mono.jpeg 720w, https:\/\/todes.com.mx\/wp-content\/uploads\/2022\/10\/vacuna-ya-viuela-del-mono-300x225.jpeg 300w\" sizes=\"auto, (max-width: 720px) 100vw, 720px\" \/><\/figure>\n","protected":false},"excerpt":{"rendered":"<p>Ante la omisi\u00f3n y homofobia del subsecretario de Salud, Hugo L\u00f3pez-Gatell, activistas LGBTTTI protestaron una vez m\u00e1s y exigieron al gobierno federal garantizar su derecho a salud previsto en el art\u00edculo cuarto constitucional, a trav\u00e9s de la compra de vacunas contra la viruela s\u00edmica, que en M\u00e9xico afecta principalmente a los hombres con VIH y [&hellip;]<\/p>\n","protected":false},"author":4,"featured_media":771,"comment_status":"open","ping_status":"open","sticky":false,"template":"","format":"standard","meta":{"advgb_blocks_editor_width":"","advgb_blocks_columns_visual_guide":"","footnotes":""},"categories":[179],"tags":[361,360,278,201,362,274,297],"class_list":["post-765","post","type-post","status-publish","format-standard","has-post-thumbnail","hentry","category-salud-y-ciencia","tag-alain-pinzon","tag-hugo-lopez-gatell","tag-monkeypox","tag-portada","tag-vacuna-viruela-del-mono","tag-viruela-del-mono","tag-viruela-simica"],"author_meta":{"display_name":"Antonio Medina","author_link":"https:\/\/todes.com.mx\/?author=4"},"featured_img":"https:\/\/todes.com.mx\/wp-content\/uploads\/2022\/10\/Viruela-si\u0301mica-vacuna-300x200.jpeg","coauthors":[],"tax_additional":{"categories":{"linked":["<a href=\"https:\/\/todes.com.mx\/?cat=179\" class=\"advgb-post-tax-term\">Salud y Ciencia<\/a>"],"unlinked":["<span class=\"advgb-post-tax-term\">Salud y Ciencia<\/span>"]},"tags":{"linked":["<a href=\"https:\/\/todes.com.mx\/?cat=179\" class=\"advgb-post-tax-term\">Ala\u00edn Pinz\u00f3n<\/a>","<a href=\"https:\/\/todes.com.mx\/?cat=179\" class=\"advgb-post-tax-term\">Hugo L\u00f3pez-Gatell<\/a>","<a href=\"https:\/\/todes.com.mx\/?cat=179\" class=\"advgb-post-tax-term\">Monkeypox<\/a>","<a href=\"https:\/\/todes.com.mx\/?cat=179\" class=\"advgb-post-tax-term\">portada<\/a>","<a href=\"https:\/\/todes.com.mx\/?cat=179\" class=\"advgb-post-tax-term\">Vacuna viruela del mono<\/a>","<a href=\"https:\/\/todes.com.mx\/?cat=179\" class=\"advgb-post-tax-term\">Viruela del mono<\/a>","<a href=\"https:\/\/todes.com.mx\/?cat=179\" class=\"advgb-post-tax-term\">Viruela S\u00edmica<\/a>"],"unlinked":["<span class=\"advgb-post-tax-term\">Ala\u00edn Pinz\u00f3n<\/span>","<span class=\"advgb-post-tax-term\">Hugo L\u00f3pez-Gatell<\/span>","<span class=\"advgb-post-tax-term\">Monkeypox<\/span>","<span class=\"advgb-post-tax-term\">portada<\/span>","<span class=\"advgb-post-tax-term\">Vacuna viruela del mono<\/span>","<span class=\"advgb-post-tax-term\">Viruela del mono<\/span>","<span class=\"advgb-post-tax-term\">Viruela S\u00edmica<\/span>"]}},"comment_count":"0","relative_dates":{"created":"Publicado 4 a\u00f1os hace","modified":"Actualizado 4 a\u00f1os hace"},"absolute_dates":{"created":"Publicado el 22 de octubre de 2022","modified":"Actualizado el 22 de octubre de 2022"},"absolute_dates_time":{"created":"Publicado el 22 de octubre de 2022 12:04","modified":"Actualizado el 22 de octubre de 2022 12:04"},"featured_img_caption":"","series_order":"","amp_enabled":true,"_links":{"self":[{"href":"https:\/\/todes.com.mx\/index.php?rest_route=\/wp\/v2\/posts\/765","targetHints":{"allow":["GET"]}}],"collection":[{"href":"https:\/\/todes.com.mx\/index.php?rest_route=\/wp\/v2\/posts"}],"about":[{"href":"https:\/\/todes.com.mx\/index.php?rest_route=\/wp\/v2\/types\/post"}],"author":[{"embeddable":true,"href":"https:\/\/todes.com.mx\/index.php?rest_route=\/wp\/v2\/users\/4"}],"replies":[{"embeddable":true,"href":"https:\/\/todes.com.mx\/index.php?rest_route=%2Fwp%2Fv2%2Fcomments&post=765"}],"version-history":[{"count":1,"href":"https:\/\/todes.com.mx\/index.php?rest_route=\/wp\/v2\/posts\/765\/revisions"}],"predecessor-version":[{"id":772,"href":"https:\/\/todes.com.mx\/index.php?rest_route=\/wp\/v2\/posts\/765\/revisions\/772"}],"wp:featuredmedia":[{"embeddable":true,"href":"https:\/\/todes.com.mx\/index.php?rest_route=\/wp\/v2\/media\/771"}],"wp:attachment":[{"href":"https:\/\/todes.com.mx\/index.php?rest_route=%2Fwp%2Fv2%2Fmedia&parent=765"}],"wp:term":[{"taxonomy":"category","embeddable":true,"href":"https:\/\/todes.com.mx\/index.php?rest_route=%2Fwp%2Fv2%2Fcategories&post=765"},{"taxonomy":"post_tag","embeddable":true,"href":"https:\/\/todes.com.mx\/index.php?rest_route=%2Fwp%2Fv2%2Ftags&post=765"}],"curies":[{"name":"wp","href":"https:\/\/api.w.org\/{rel}","templated":true}]}}