{"id":746,"date":"2022-10-13T20:21:47","date_gmt":"2022-10-14T01:21:47","guid":{"rendered":"https:\/\/todes.com.mx\/?p=746"},"modified":"2022-10-13T20:21:59","modified_gmt":"2022-10-14T01:21:59","slug":"ser-trans-no-se-elige","status":"publish","type":"post","link":"https:\/\/todes.com.mx\/?p=746","title":{"rendered":"Ser Trans No Se Elige"},"content":{"rendered":"\n<p>Inicio este escrito con una invitaci\u00f3n a tensionar y cuestionar tu conocimiento en el tema de las poblaciones trans.<\/p>\n\n\n\n<h4 class=\"wp-block-heading\">Por un momento cierra tus ojos y recuerda aquel d\u00eda de tu infancia que te disfrutaste reconoci\u00e9ndote mujer u hombre, cuando tu vivencia estuvo alineada con tu ropa, juguetes, tu forma de ser y, sobre todo, con situaciones tan cotidianas como formarte en la fila de ni\u00f1as\/ni\u00f1os, entrar al ba\u00f1o de ni\u00f1as\/ni\u00f1os, seg\u00fan el caso; todo en una coincidencia perfecta.<\/h4>\n\n\n\n<p>\u00bfQu\u00e9 suceder\u00eda, si no fuera as\u00ed? Si tu vivencia interna, tu identidad de g\u00e9nero, fuera contraria al sexo asignado al nacer. Asignado es la palabra correcta, porque s\u00f3lo se consideraron los \u00f3rganos sexuales externos para determinarla y plasmarla en el certificado y posteriormente en el acta de nacimiento, documento oficial que acredita tu identidad.<\/p>\n\n\n\n<p>Hay personas que no viven esa imposici\u00f3n, el g\u00e9nero es una creaci\u00f3n de sociedades, algunas personas nos acomodamos a esa imposici\u00f3n y algunas no. Y esto no es reciente, hay evidencia de culturas originarias en el mundo que reconocen m\u00e1s de dos g\u00e9neros.<\/p>\n\n\n\n<h4 class=\"wp-block-heading\">Existe evidencia que el cerebro humano tiene conciencia de su identidad de g\u00e9nero desde poco antes de los 2 a\u00f1os, cuando un infante lo expresa con libertad, libre de prejuicios y de manera contundente: \u201csoy un ni\u00f1o\/ni\u00f1a\u201d (situaci\u00f3n contraria a lo que cre\u00edas), \u00a1tiene que ser escuchado!<\/h4>\n\n\n\n<p>Esta afirmaci\u00f3n va m\u00e1s all\u00e1 de la elecci\u00f3n de ropa, colores o juguetes., no es un capricho ni una moda, es una vivencia que merece amor, atenci\u00f3n, respaldo y reconocimiento en lo social y lo legal.<\/p>\n\n\n\n<p>En lo social, es com\u00fan escuchar \u201cla sociedad no est\u00e1 preparada\u201d\u2026 Y yo me pregunto: \u00bfcu\u00e1ndo lo va a estar si no escuchan? Entre los da\u00f1os de la salud mental se han incrementado la ansiedad y la depresi\u00f3n, a causa de la pandemia; en el caso de las personas trans, cuando la familia no apoya, el porcentaje de intento de suicidio se eleva ocho veces.<\/p>\n\n\n\n<p>En lo legal, 19 entidades en M\u00e9xico cuentan con una ley de identidad de g\u00e9nero, la cual garantiza el derecho de una persona a modificar su acta de nacimiento mediante un proceso administrativo. La opci\u00f3n para actualizar los documentos oficiales de identidad en donde no existe esta legislaci\u00f3n es viajar a otra entidad; Jalisco y la Ciudad de M\u00e9xico son las m\u00e1s recurrentes.<\/p>\n\n\n\n<p>Otra opci\u00f3n es contar con la orden del tribunal, un proceso patologizante que requiere pruebas de modificaci\u00f3n corporal (situaci\u00f3n que no todas las personas trans deciden), aunado al enorme gasto y tiempo que implica.<\/p>\n\n\n\n<p>De no hacerlo, ser\u00edas un\/a indocumentado\/a en tu propio pa\u00eds, al no corresponder la fotograf\u00eda y\/o el nombre de tu documento oficial con la apariencia de tu imagen; lo cual genera desde la incomodidad hasta el enfrentamiento policial.<\/p>\n\n\n\n<h4 class=\"wp-block-heading\">En el caso de M\u00e9xico, la credencial del INE y la CURP son opciones oficiales de identificaci\u00f3n; sin ellos la persona no tiene acceso a una gran cantidad de servicios p\u00fablicos y privados. Y esto significa una gran desventaja que dif\u00edcilmente alguien elegir\u00eda para s\u00ed mismo o para su familia. La libertad de ser con dignidad qui\u00e9nes somos es una lucha diaria ante diferentes posturas privilegiadas. Me despido deseando que tu postura sea de respeto y empat\u00eda para todas, todos y todes.<\/h4>\n","protected":false},"excerpt":{"rendered":"<p>Inicio este escrito con una invitaci\u00f3n a tensionar y cuestionar tu conocimiento en el tema de las poblaciones trans. Por un momento cierra tus ojos y recuerda aquel d\u00eda de tu infancia que te disfrutaste reconoci\u00e9ndote mujer u hombre, cuando tu vivencia estuvo alineada con tu ropa, juguetes, tu forma de ser y, sobre todo, [&hellip;]<\/p>\n","protected":false},"author":7,"featured_media":747,"comment_status":"open","ping_status":"open","sticky":false,"template":"","format":"standard","meta":{"advgb_blocks_editor_width":"","advgb_blocks_columns_visual_guide":"","footnotes":""},"categories":[2],"tags":[353,201,352,202,315],"class_list":["post-746","post","type-post","status-publish","format-standard","has-post-thumbnail","hentry","category-orgullo-lgbtq","tag-identidad-de-genero","tag-portada","tag-ser-trans-no-se-elige","tag-todes","tag-trans"],"author_meta":{"display_name":"Adriana Edith S\u00e1nchez Cuatianquiz","author_link":"https:\/\/todes.com.mx\/?author=7"},"featured_img":"https:\/\/todes.com.mx\/wp-content\/uploads\/2022\/10\/Ser-Trans-No-Se-Elige-300x180.jpg","coauthors":[],"tax_additional":{"categories":{"linked":["<a href=\"https:\/\/todes.com.mx\/?cat=2\" class=\"advgb-post-tax-term\">Orgullo LGBT<\/a>"],"unlinked":["<span class=\"advgb-post-tax-term\">Orgullo LGBT<\/span>"]},"tags":{"linked":["<a href=\"https:\/\/todes.com.mx\/?cat=2\" class=\"advgb-post-tax-term\">Identidad de g\u00e9nero<\/a>","<a href=\"https:\/\/todes.com.mx\/?cat=2\" class=\"advgb-post-tax-term\">portada<\/a>","<a href=\"https:\/\/todes.com.mx\/?cat=2\" class=\"advgb-post-tax-term\">Ser Trans No Se Elige<\/a>","<a href=\"https:\/\/todes.com.mx\/?cat=2\" class=\"advgb-post-tax-term\">Todes<\/a>","<a href=\"https:\/\/todes.com.mx\/?cat=2\" class=\"advgb-post-tax-term\">Trans<\/a>"],"unlinked":["<span class=\"advgb-post-tax-term\">Identidad de g\u00e9nero<\/span>","<span class=\"advgb-post-tax-term\">portada<\/span>","<span class=\"advgb-post-tax-term\">Ser Trans No Se Elige<\/span>","<span class=\"advgb-post-tax-term\">Todes<\/span>","<span class=\"advgb-post-tax-term\">Trans<\/span>"]}},"comment_count":"2","relative_dates":{"created":"Publicado 4 a\u00f1os hace","modified":"Actualizado 4 a\u00f1os hace"},"absolute_dates":{"created":"Publicado el 13 de octubre de 2022","modified":"Actualizado el 13 de octubre de 2022"},"absolute_dates_time":{"created":"Publicado el 13 de octubre de 2022 20:21","modified":"Actualizado el 13 de octubre de 2022 20:21"},"featured_img_caption":"","series_order":"","amp_enabled":true,"_links":{"self":[{"href":"https:\/\/todes.com.mx\/index.php?rest_route=\/wp\/v2\/posts\/746","targetHints":{"allow":["GET"]}}],"collection":[{"href":"https:\/\/todes.com.mx\/index.php?rest_route=\/wp\/v2\/posts"}],"about":[{"href":"https:\/\/todes.com.mx\/index.php?rest_route=\/wp\/v2\/types\/post"}],"author":[{"embeddable":true,"href":"https:\/\/todes.com.mx\/index.php?rest_route=\/wp\/v2\/users\/7"}],"replies":[{"embeddable":true,"href":"https:\/\/todes.com.mx\/index.php?rest_route=%2Fwp%2Fv2%2Fcomments&post=746"}],"version-history":[{"count":2,"href":"https:\/\/todes.com.mx\/index.php?rest_route=\/wp\/v2\/posts\/746\/revisions"}],"predecessor-version":[{"id":749,"href":"https:\/\/todes.com.mx\/index.php?rest_route=\/wp\/v2\/posts\/746\/revisions\/749"}],"wp:featuredmedia":[{"embeddable":true,"href":"https:\/\/todes.com.mx\/index.php?rest_route=\/wp\/v2\/media\/747"}],"wp:attachment":[{"href":"https:\/\/todes.com.mx\/index.php?rest_route=%2Fwp%2Fv2%2Fmedia&parent=746"}],"wp:term":[{"taxonomy":"category","embeddable":true,"href":"https:\/\/todes.com.mx\/index.php?rest_route=%2Fwp%2Fv2%2Fcategories&post=746"},{"taxonomy":"post_tag","embeddable":true,"href":"https:\/\/todes.com.mx\/index.php?rest_route=%2Fwp%2Fv2%2Ftags&post=746"}],"curies":[{"name":"wp","href":"https:\/\/api.w.org\/{rel}","templated":true}]}}