{"id":703,"date":"2022-10-01T19:39:53","date_gmt":"2022-10-02T00:39:53","guid":{"rendered":"https:\/\/todes.com.mx\/?p=703"},"modified":"2022-10-11T16:32:11","modified_gmt":"2022-10-11T21:32:11","slug":"presenta-monreal-agenda-lgbtiq-de-4-puntos","status":"publish","type":"post","link":"https:\/\/todes.com.mx\/?p=703","title":{"rendered":"Presenta Monreal agenda LGBTIQ+ de 4 puntos"},"content":{"rendered":"\n<h4 class=\"wp-block-heading\">Al firmar 4 compromisos con la agenda LGBTIQ+ en M\u00e9xico, el senador Ricardo Monreal prometi\u00f3 que antes de finalizar el periodo legislativo presentar\u00e1 varias iniciativas en materia de diversidad sexual<\/h4>\n\n\n\n<p>Se comprometi\u00f3 a votar la prohibici\u00f3n de las terapias de conversi\u00f3n y a aprobar una reforma a las leyes del IMSS e ISSSTE para garantizar el acceso a la salud y la seguridad social de las familias homoparentales y lesbomaternales.<\/p>\n\n\n\n<p>Ante activistas, intelectuales, acad\u00e9micos, lideres de opini\u00f3n, empresarios y aliados LGBTIQ+, propuso una reforma constitucional que ampl\u00ede las categor\u00edas contenidas en el Art\u00edculo 1\u00b0, de tal manera que deje de decir \u00abpreferencia sexual\u00bb e incluya los conceptos de orientaci\u00f3n sexual, identidad y expresi\u00f3n de g\u00e9nero.<\/p>\n\n\n\n<p>En el encuentro \u0301\u201dReconciliaci\u00f3n x la igualdad de derechos: di\u00e1logo con liderazgos LGBTIQ\u201d, revel\u00f3 que nombrar\u00e1 a un enlace entre las organizaciones y movimientos LGBTIQ+ y la Junta de Coordinaci\u00f3n Pol\u00edtica del Senado que tengo a bien presidir, para continuar el di\u00e1logo que hoy iniciamos y seguir colocando los derechos de las personas de la diversidad sexual y de g\u00e9nero en el centro de nuestro trabajo legislativo\u201d.<\/p>\n\n\n\n<figure class=\"wp-block-image size-large\"><img loading=\"lazy\" decoding=\"async\" width=\"1024\" height=\"682\" src=\"https:\/\/todes.com.mx\/wp-content\/uploads\/2022\/10\/Ricardo-Moreal-evento-diversidad-1-1024x682.jpeg\" alt=\"\" class=\"wp-image-706\" srcset=\"https:\/\/todes.com.mx\/wp-content\/uploads\/2022\/10\/Ricardo-Moreal-evento-diversidad-1-1024x682.jpeg 1024w, https:\/\/todes.com.mx\/wp-content\/uploads\/2022\/10\/Ricardo-Moreal-evento-diversidad-1-300x200.jpeg 300w, https:\/\/todes.com.mx\/wp-content\/uploads\/2022\/10\/Ricardo-Moreal-evento-diversidad-1-768x512.jpeg 768w, https:\/\/todes.com.mx\/wp-content\/uploads\/2022\/10\/Ricardo-Moreal-evento-diversidad-1.jpeg 1280w\" sizes=\"auto, (max-width: 1024px) 100vw, 1024px\" \/><figcaption>Ricardo Monreal \u201dReconciliaci\u00f3n x la igualdad de derechos: di\u00e1logo con liderazgos LGBTIQ\u201d<\/figcaption><\/figure>\n\n\n\n<h4 class=\"wp-block-heading\">\u201cEl M\u00e9xico que seguiremos construyendo despu\u00e9s de 2024 requiere que las personas LGBTIQ+ est\u00e9n presentes y sean parte de la toma de decisiones que definan nuestro rumbo como naci\u00f3n\u201d, subray\u00f3.<\/h4>\n\n\n\n<p>Usando siempre el lenguaje incluyente, Ricardo Monreal dijo que buscar\u00e1 fortalecer a la atenci\u00f3n sanitaria de las personas que viven con VIH, la inclusi\u00f3n del g\u00e9nero neutro en documentos oficiales y tipificaci\u00f3n de los cr\u00edmenes de odio por elegebeteifobia.<\/p>\n\n\n\n<p>Ricardo Monreal es el actual presidente de la Junta de Coordinaci\u00f3n Pol\u00edtica del Senado, quien aspira a la candidatura a la Presidencia de la Rep\u00fablica para el a\u00f1o 2024.<\/p>\n","protected":false},"excerpt":{"rendered":"<p>Al firmar 4 compromisos con la agenda LGBTIQ+ en M\u00e9xico, el senador Ricardo Monreal prometi\u00f3 que antes de finalizar el periodo legislativo presentar\u00e1 varias iniciativas en materia de diversidad sexual Se comprometi\u00f3 a votar la prohibici\u00f3n de las terapias de conversi\u00f3n y a aprobar una reforma a las leyes del IMSS e ISSSTE para garantizar [&hellip;]<\/p>\n","protected":false},"author":6,"featured_media":704,"comment_status":"open","ping_status":"open","sticky":false,"template":"","format":"standard","meta":{"advgb_blocks_editor_width":"","advgb_blocks_columns_visual_guide":"","footnotes":""},"categories":[241],"tags":[326,201,325,324,202],"class_list":["post-703","post","type-post","status-publish","format-standard","has-post-thumbnail","hentry","category-politica","tag-encuentro-lgbt-monreal","tag-portada","tag-ricardo-monreal-aspirante-presidencia-2024","tag-ricardo-monreal-lgbt","tag-todes"],"author_meta":{"display_name":"Enrique G\u00f3mez","author_link":"https:\/\/todes.com.mx\/?author=6"},"featured_img":"https:\/\/todes.com.mx\/wp-content\/uploads\/2022\/10\/Ricardo-Moreal-Diversidad-300x200.jpeg","coauthors":[],"tax_additional":{"categories":{"linked":["<a href=\"https:\/\/todes.com.mx\/?cat=241\" class=\"advgb-post-tax-term\">Pol\u00edtica<\/a>"],"unlinked":["<span class=\"advgb-post-tax-term\">Pol\u00edtica<\/span>"]},"tags":{"linked":["<a href=\"https:\/\/todes.com.mx\/?cat=241\" class=\"advgb-post-tax-term\">Encuentro LGBT Monreal<\/a>","<a href=\"https:\/\/todes.com.mx\/?cat=241\" class=\"advgb-post-tax-term\">portada<\/a>","<a href=\"https:\/\/todes.com.mx\/?cat=241\" class=\"advgb-post-tax-term\">Ricardo Monreal Aspirante Presidencia 2024<\/a>","<a href=\"https:\/\/todes.com.mx\/?cat=241\" class=\"advgb-post-tax-term\">Ricardo Monreal LGBT<\/a>","<a href=\"https:\/\/todes.com.mx\/?cat=241\" class=\"advgb-post-tax-term\">Todes<\/a>"],"unlinked":["<span class=\"advgb-post-tax-term\">Encuentro LGBT Monreal<\/span>","<span class=\"advgb-post-tax-term\">portada<\/span>","<span class=\"advgb-post-tax-term\">Ricardo Monreal Aspirante Presidencia 2024<\/span>","<span class=\"advgb-post-tax-term\">Ricardo Monreal LGBT<\/span>","<span class=\"advgb-post-tax-term\">Todes<\/span>"]}},"comment_count":"0","relative_dates":{"created":"Publicado 4 a\u00f1os hace","modified":"Actualizado 4 a\u00f1os hace"},"absolute_dates":{"created":"Publicado el 1 de octubre de 2022","modified":"Actualizado el 11 de octubre de 2022"},"absolute_dates_time":{"created":"Publicado el 1 de octubre de 2022 19:39","modified":"Actualizado el 11 de octubre de 2022 16:32"},"featured_img_caption":"","series_order":"","amp_enabled":true,"_links":{"self":[{"href":"https:\/\/todes.com.mx\/index.php?rest_route=\/wp\/v2\/posts\/703","targetHints":{"allow":["GET"]}}],"collection":[{"href":"https:\/\/todes.com.mx\/index.php?rest_route=\/wp\/v2\/posts"}],"about":[{"href":"https:\/\/todes.com.mx\/index.php?rest_route=\/wp\/v2\/types\/post"}],"author":[{"embeddable":true,"href":"https:\/\/todes.com.mx\/index.php?rest_route=\/wp\/v2\/users\/6"}],"replies":[{"embeddable":true,"href":"https:\/\/todes.com.mx\/index.php?rest_route=%2Fwp%2Fv2%2Fcomments&post=703"}],"version-history":[{"count":2,"href":"https:\/\/todes.com.mx\/index.php?rest_route=\/wp\/v2\/posts\/703\/revisions"}],"predecessor-version":[{"id":708,"href":"https:\/\/todes.com.mx\/index.php?rest_route=\/wp\/v2\/posts\/703\/revisions\/708"}],"wp:featuredmedia":[{"embeddable":true,"href":"https:\/\/todes.com.mx\/index.php?rest_route=\/wp\/v2\/media\/704"}],"wp:attachment":[{"href":"https:\/\/todes.com.mx\/index.php?rest_route=%2Fwp%2Fv2%2Fmedia&parent=703"}],"wp:term":[{"taxonomy":"category","embeddable":true,"href":"https:\/\/todes.com.mx\/index.php?rest_route=%2Fwp%2Fv2%2Fcategories&post=703"},{"taxonomy":"post_tag","embeddable":true,"href":"https:\/\/todes.com.mx\/index.php?rest_route=%2Fwp%2Fv2%2Ftags&post=703"}],"curies":[{"name":"wp","href":"https:\/\/api.w.org\/{rel}","templated":true}]}}