{"id":622,"date":"2022-08-01T13:48:33","date_gmt":"2022-08-01T18:48:33","guid":{"rendered":"https:\/\/todes.com.mx\/?p=622"},"modified":"2022-10-11T16:32:32","modified_gmt":"2022-10-11T21:32:32","slug":"homofobia-en-la-academia-de-tv-azteca","status":"publish","type":"post","link":"https:\/\/todes.com.mx\/?p=622","title":{"rendered":"Homofobia en La Academia de TV Azteca"},"content":{"rendered":"\n<p>En un acto de discriminaci\u00f3n por homofobia, la producci\u00f3n del reality show La Academia de TV Azteca cancel\u00f3 la participaci\u00f3n del ballet folcl\u00f3rico LGBT+ M\u00e9xico de Colores.<\/p>\n\n\n\n<h4 class=\"wp-block-heading\">\u00abNo pueden bailar as\u00ed, si quieren hacerlo, tendr\u00eda que ser con ropa de hombres\u00bb, fue la advertencia de la producci\u00f3n al terminar el ensayo previo a la grabaci\u00f3n del programa La Academia del pasado domingo.<\/h4>\n\n\n\n<p>Al negarse a cambiar su vestuario y defender el concepto que mantienen desde hace m\u00e1s de una d\u00e9cada, les pidieron desalojar el escenario y as\u00ed quedaron fuera del programa.<\/p>\n\n\n\n<p>Los bailarines deslindaron de responsabilidad a la cantante Lety L\u00f3pez, ex alumna de La Academia, quien los invit\u00f3 a participar como parte de su actuaci\u00f3n.<\/p>\n\n\n\n<p>M\u00e9xico de Colores es una compa\u00f1\u00eda de danza que busca romper estereotipos, integrada exclusivamente por hombres e inspirada en el folclor mexicano con expresiones de diversidad sexual y de g\u00e9nero.<\/p>\n\n\n\n<p>Su espect\u00e1culo es una mezcla de cabaret, pantomima, teatro, s\u00e1tira y comedia, con coreograf\u00edas que trasladan al espectador a trav\u00e9s de diferentes lugares y costumbres de M\u00e9xico.<\/p>\n\n\n\n<p>A un mes del orgullo LGBT+, estos hechos nos recuerdan que a\u00fan nos falta camino por recorrer, porque <strong>#NoSomosBienvenidxsEnTVAzteca<\/strong> y nuestras voces deben de sonar cada vez m\u00e1s fuerte <strong>#HastaQueLaDiversidadSeHagaCostumbre<\/strong><\/p>\n","protected":false},"excerpt":{"rendered":"<p>En un acto de discriminaci\u00f3n por homofobia, la producci\u00f3n del reality show La Academia de TV Azteca cancel\u00f3 la participaci\u00f3n del ballet folcl\u00f3rico LGBT+ M\u00e9xico de Colores. \u00abNo pueden bailar as\u00ed, si quieren hacerlo, tendr\u00eda que ser con ropa de hombres\u00bb, fue la advertencia de la producci\u00f3n al terminar el ensayo previo a la grabaci\u00f3n [&hellip;]<\/p>\n","protected":false},"author":1,"featured_media":623,"comment_status":"open","ping_status":"open","sticky":false,"template":"","format":"standard","meta":{"advgb_blocks_editor_width":"","advgb_blocks_columns_visual_guide":"","footnotes":""},"categories":[240],"tags":[291,288,290,256,287,202,289],"class_list":["post-622","post","type-post","status-publish","format-standard","has-post-thumbnail","hentry","category-entretenimiento","tag-nosomosbienvenidxsentvazteca","tag-academia-tv-azteca","tag-discriminacion","tag-homofobia","tag-mexico-de-colores","tag-todes","tag-tv-azteca"],"author_meta":{"display_name":"Revista Todes","author_link":"https:\/\/todes.com.mx\/?author=1"},"featured_img":"https:\/\/todes.com.mx\/wp-content\/uploads\/2022\/08\/La-Academia-Mexico-de-colores-300x169.jpg","coauthors":[],"tax_additional":{"categories":{"linked":["<a href=\"https:\/\/todes.com.mx\/?cat=240\" class=\"advgb-post-tax-term\">Entretenimiento<\/a>"],"unlinked":["<span class=\"advgb-post-tax-term\">Entretenimiento<\/span>"]},"tags":{"linked":["<a href=\"https:\/\/todes.com.mx\/?cat=240\" class=\"advgb-post-tax-term\">#NoSomosBienvenidxsEnTVAzteca<\/a>","<a href=\"https:\/\/todes.com.mx\/?cat=240\" class=\"advgb-post-tax-term\">Academia tv Azteca<\/a>","<a href=\"https:\/\/todes.com.mx\/?cat=240\" class=\"advgb-post-tax-term\">Discriminaci\u00f3n<\/a>","<a href=\"https:\/\/todes.com.mx\/?cat=240\" class=\"advgb-post-tax-term\">Homofobia<\/a>","<a href=\"https:\/\/todes.com.mx\/?cat=240\" class=\"advgb-post-tax-term\">M\u00e9xico de colores<\/a>","<a href=\"https:\/\/todes.com.mx\/?cat=240\" class=\"advgb-post-tax-term\">Todes<\/a>","<a href=\"https:\/\/todes.com.mx\/?cat=240\" class=\"advgb-post-tax-term\">TV Azteca<\/a>"],"unlinked":["<span class=\"advgb-post-tax-term\">#NoSomosBienvenidxsEnTVAzteca<\/span>","<span class=\"advgb-post-tax-term\">Academia tv Azteca<\/span>","<span class=\"advgb-post-tax-term\">Discriminaci\u00f3n<\/span>","<span class=\"advgb-post-tax-term\">Homofobia<\/span>","<span class=\"advgb-post-tax-term\">M\u00e9xico de colores<\/span>","<span class=\"advgb-post-tax-term\">Todes<\/span>","<span class=\"advgb-post-tax-term\">TV Azteca<\/span>"]}},"comment_count":"1","relative_dates":{"created":"Publicado 4 a\u00f1os hace","modified":"Actualizado 4 a\u00f1os hace"},"absolute_dates":{"created":"Publicado el 1 de agosto de 2022","modified":"Actualizado el 11 de octubre de 2022"},"absolute_dates_time":{"created":"Publicado el 1 de agosto de 2022 13:48","modified":"Actualizado el 11 de octubre de 2022 16:32"},"featured_img_caption":"","series_order":"","amp_enabled":true,"_links":{"self":[{"href":"https:\/\/todes.com.mx\/index.php?rest_route=\/wp\/v2\/posts\/622","targetHints":{"allow":["GET"]}}],"collection":[{"href":"https:\/\/todes.com.mx\/index.php?rest_route=\/wp\/v2\/posts"}],"about":[{"href":"https:\/\/todes.com.mx\/index.php?rest_route=\/wp\/v2\/types\/post"}],"author":[{"embeddable":true,"href":"https:\/\/todes.com.mx\/index.php?rest_route=\/wp\/v2\/users\/1"}],"replies":[{"embeddable":true,"href":"https:\/\/todes.com.mx\/index.php?rest_route=%2Fwp%2Fv2%2Fcomments&post=622"}],"version-history":[{"count":2,"href":"https:\/\/todes.com.mx\/index.php?rest_route=\/wp\/v2\/posts\/622\/revisions"}],"predecessor-version":[{"id":630,"href":"https:\/\/todes.com.mx\/index.php?rest_route=\/wp\/v2\/posts\/622\/revisions\/630"}],"wp:featuredmedia":[{"embeddable":true,"href":"https:\/\/todes.com.mx\/index.php?rest_route=\/wp\/v2\/media\/623"}],"wp:attachment":[{"href":"https:\/\/todes.com.mx\/index.php?rest_route=%2Fwp%2Fv2%2Fmedia&parent=622"}],"wp:term":[{"taxonomy":"category","embeddable":true,"href":"https:\/\/todes.com.mx\/index.php?rest_route=%2Fwp%2Fv2%2Fcategories&post=622"},{"taxonomy":"post_tag","embeddable":true,"href":"https:\/\/todes.com.mx\/index.php?rest_route=%2Fwp%2Fv2%2Ftags&post=622"}],"curies":[{"name":"wp","href":"https:\/\/api.w.org\/{rel}","templated":true}]}}