{"id":1887,"date":"2024-11-01T14:41:23","date_gmt":"2024-11-01T20:41:23","guid":{"rendered":"https:\/\/todes.com.mx\/?p=1887"},"modified":"2024-11-01T14:41:25","modified_gmt":"2024-11-01T20:41:25","slug":"ya-viene-el-xvii-seminario-historico-lgbttti-mexicano","status":"publish","type":"post","link":"https:\/\/todes.com.mx\/?p=1887","title":{"rendered":"<strong><strong>Ya viene el XVII Seminario Hist\u00f3rico LGBTTTI+ Mexicano<\/strong><\/strong>"},"content":{"rendered":"\n<p>Del 5 al 11 de noviembre se llevar\u00e1 a cabo en distintas sedes de la Ciudad de M\u00e9xico el XVII Seminario Hist\u00f3rico LGBTTTI+ Mexicano, que a partir de este a\u00f1o modifica su nombre para agregar el del reconocido antrop\u00f3logo y activista Xabier Liz\u00e1rraga Cruchaga, en homenaje al tambi\u00e9n dramaturgo fallecido en julio pasado.<\/p>\n\n\n\n<p>De esa manera, el encuentro acad\u00e9mico se denominar\u00e1 en lo sucesivo como Seminario Hist\u00f3rico LGBTTTI+ Mexicano \u201cXabier Lizarraga Cruchaga\u201d.Debido a la amplia respuesta a la convocatoria, el Comit\u00e9 Organizador determin\u00f3 este a\u00f1o ampliar el programa y, por primera vez, tendr\u00e1 una duraci\u00f3n de siete d\u00edas.<\/p>\n\n\n\n<p>La ceremonia de inauguraci\u00f3n est\u00e1 programada para el martes 5 de noviembre a las 11 horas en la Biblioteca del Museo Memoria y Tolerancia; mientras que la clausura ser\u00e1 a las 19 horas del lunes 11 de noviembre, en la Sala Alfonso Reyes de El Colegio de M\u00e9xico.<\/p>\n\n\n\n<p>A lo largo de las actividades habr\u00e1 homenajes a distintas personalidades que destacaron por su labor en favor de las poblaciones LGBT+, y adem\u00e1s del reconocimiento a Xabier Lizarraga, tambi\u00e9n habr\u00e1 mesas dedicadas a la dramaturga Nancy C\u00e1rdenas, considerada como pionera del movimiento de Liberaci\u00f3n Homosexual en M\u00e9xico; a la productora teatral Tina Galindo y al poeta Salvador Novo.<\/p>\n\n\n\n<p>Durante el Seminario diversos especialistas presentar\u00e1n sus respectivas investigaciones relacionadas con la historia y rescate de la memoria de las poblaciones LGBT+ en M\u00e9xico y otros pa\u00edses. Tambi\u00e9n habr\u00e1 proyecci\u00f3n de documentales, presentaci\u00f3n de libros, conversatorios, obras de teatro y performance.<\/p>\n\n\n\n<p>Adem\u00e1s, el domingo 10 de noviembre se llevar\u00e1 a cabo el \u201cJotitur\u201d, que consiste en un recorrido por el Centro Hist\u00f3rico de la Ciudad de M\u00e9xico, para recordar a los personajes LGBT+ que habitaron o recorrieron la zona, desde la \u00e9poca prehisp\u00e1nica hasta nuestros d\u00edas. Los interesados pueden solicitar informaci\u00f3n al correo electr\u00f3nico archivosymemoriasdiversas@gmail.com.<\/p>\n\n\n\n<p>En esta ocasi\u00f3n las sedes del Seminario que organiza la Asociaci\u00f3n \u201cArchivos y Memorias Diversas\u201d, ser\u00e1n el Museo Memoria y Tolerancia, Museo de la Mujer, Museo Casa Carranza, El Colegio de M\u00e9xico, la Facultad de Ciencias Pol\u00edticas y Sociales de la UNAM, el Archivo Hist\u00f3rico de la Ciudad de M\u00e9xico, el Centro Cultural Xabier Villaurrutia y la librer\u00eda Somos Voces, ubicada en la Zona Rosa.<\/p>\n\n\n\n<p>Checa la programaci\u00f3n en<br>https:\/\/www.facebook.com\/share\/SVtReYfcRWbKekYA\/<\/p>\n","protected":false},"excerpt":{"rendered":"<p>Del 5 al 11 de noviembre se llevar\u00e1 a cabo en distintas sedes de la Ciudad de M\u00e9xico el XVII Seminario Hist\u00f3rico LGBTTTI+ Mexicano, que a partir de este a\u00f1o modifica su nombre para agregar el del reconocido antrop\u00f3logo y activista Xabier Liz\u00e1rraga Cruchaga, en homenaje al tambi\u00e9n dramaturgo fallecido en julio pasado. De esa [&hellip;]<\/p>\n","protected":false},"author":1,"featured_media":1888,"comment_status":"open","ping_status":"open","sticky":false,"template":"","format":"standard","meta":{"advgb_blocks_editor_width":"","advgb_blocks_columns_visual_guide":"","footnotes":""},"categories":[2],"tags":[411,201],"class_list":["post-1887","post","type-post","status-publish","format-standard","has-post-thumbnail","hentry","category-orgullo-lgbtq","tag-historia-lgbt","tag-portada"],"author_meta":{"display_name":"Revista Todes","author_link":"https:\/\/todes.com.mx\/?author=1"},"featured_img":"https:\/\/todes.com.mx\/wp-content\/uploads\/2024\/11\/IMG-20241030-WA0023-232x300.jpg","coauthors":[],"tax_additional":{"categories":{"linked":["<a href=\"https:\/\/todes.com.mx\/?cat=2\" class=\"advgb-post-tax-term\">Orgullo LGBT<\/a>"],"unlinked":["<span class=\"advgb-post-tax-term\">Orgullo LGBT<\/span>"]},"tags":{"linked":["<a href=\"https:\/\/todes.com.mx\/?cat=2\" class=\"advgb-post-tax-term\">Historia LGBT<\/a>","<a href=\"https:\/\/todes.com.mx\/?cat=2\" class=\"advgb-post-tax-term\">portada<\/a>"],"unlinked":["<span class=\"advgb-post-tax-term\">Historia LGBT<\/span>","<span class=\"advgb-post-tax-term\">portada<\/span>"]}},"comment_count":"0","relative_dates":{"created":"Publicado 1 a\u00f1o hace","modified":"Actualizado 1 a\u00f1o hace"},"absolute_dates":{"created":"Publicado el 1 de noviembre de 2024","modified":"Actualizado el 1 de noviembre de 2024"},"absolute_dates_time":{"created":"Publicado el 1 de noviembre de 2024 14:41","modified":"Actualizado el 1 de noviembre de 2024 14:41"},"featured_img_caption":"","series_order":"","amp_enabled":true,"_links":{"self":[{"href":"https:\/\/todes.com.mx\/index.php?rest_route=\/wp\/v2\/posts\/1887","targetHints":{"allow":["GET"]}}],"collection":[{"href":"https:\/\/todes.com.mx\/index.php?rest_route=\/wp\/v2\/posts"}],"about":[{"href":"https:\/\/todes.com.mx\/index.php?rest_route=\/wp\/v2\/types\/post"}],"author":[{"embeddable":true,"href":"https:\/\/todes.com.mx\/index.php?rest_route=\/wp\/v2\/users\/1"}],"replies":[{"embeddable":true,"href":"https:\/\/todes.com.mx\/index.php?rest_route=%2Fwp%2Fv2%2Fcomments&post=1887"}],"version-history":[{"count":1,"href":"https:\/\/todes.com.mx\/index.php?rest_route=\/wp\/v2\/posts\/1887\/revisions"}],"predecessor-version":[{"id":1889,"href":"https:\/\/todes.com.mx\/index.php?rest_route=\/wp\/v2\/posts\/1887\/revisions\/1889"}],"wp:featuredmedia":[{"embeddable":true,"href":"https:\/\/todes.com.mx\/index.php?rest_route=\/wp\/v2\/media\/1888"}],"wp:attachment":[{"href":"https:\/\/todes.com.mx\/index.php?rest_route=%2Fwp%2Fv2%2Fmedia&parent=1887"}],"wp:term":[{"taxonomy":"category","embeddable":true,"href":"https:\/\/todes.com.mx\/index.php?rest_route=%2Fwp%2Fv2%2Fcategories&post=1887"},{"taxonomy":"post_tag","embeddable":true,"href":"https:\/\/todes.com.mx\/index.php?rest_route=%2Fwp%2Fv2%2Ftags&post=1887"}],"curies":[{"name":"wp","href":"https:\/\/api.w.org\/{rel}","templated":true}]}}