{"id":1863,"date":"2024-10-04T22:51:04","date_gmt":"2024-10-05T03:51:04","guid":{"rendered":"https:\/\/todes.com.mx\/?p=1863"},"modified":"2024-10-04T22:51:57","modified_gmt":"2024-10-05T03:51:57","slug":"transfeminicidio-de-mujer-muxe-en-oaxaca","status":"publish","type":"post","link":"https:\/\/todes.com.mx\/?p=1863","title":{"rendered":"<strong>TransFeminicidio de Mujer Muxe en Oaxaca<\/strong>"},"content":{"rendered":"\n<p>Mayte L\u00f3pez Regalado, mujer muxe dedicada al activismo en la lucha por la equidad y respeto de la diversidad sexual y de g\u00e9nero, fue asesinada en Oaxaca; su cuerpo fue hallado con signos de tortura, atada de pies y manos, en un paraje sobre la carretera federal entre&nbsp;Juchit\u00e1n y Tehuantepec.<\/p>\n\n\n\n<p>Al menos 50 mujeres trans\u00a0han sido v\u00edctimas de\u00a0transfeminicidio en lo que va del 2024 en la Rep\u00fablica Mexicana, de las cuales 11 de eran trabajadoras sexuales, de acuerdo con la\u00a0Asamblea Nacional Trans No Binarie\u00a0y el colectivo Transcontingenta.<\/p>\n\n\n\n<p>Activistas, colectivos y organizaciones LGBTIQ+ de todo el pa\u00eds exigieron a las autoridades que frenen los actos de violencia y los cr\u00edmenes de odio por elegebeteifobia; y demandaron que se investigue este caso hasta dar con los responsables.<\/p>\n\n\n\n<p>Oriunda de Juchit\u00e1n, Mayte L\u00f3pez Regalado, se dedicaba a la costura, era una artesana textil muy reconocida, fue la primera mujer trans en participar en un concurso de f\u00edsicoculturismo y hace poco fue elegida reina de la tradicional&nbsp;Vela de las Aut\u00e9nticas Intr\u00e9pidas Buscadoras del Peligro, que se dedica a defender los derechos de la comunidad muxe.<\/p>\n\n\n\n<p>En 2020, la fot\u00f3grafa&nbsp;Maria Elena Vald\u00e9s&nbsp;la retrat\u00f3 como parte de&nbsp;Muxelandia, un proyecto fotogr\u00e1fico que busca expandir las posibilidades de un mundo m\u00e1s all\u00e1 del binarismo de g\u00e9nero.<\/p>\n\n\n\n<p>La&nbsp;Coalici\u00f3n Mexicana LGBTTTI conden\u00f3 el transfeminicidio de Mayte L\u00f3pez Regalado, expres\u00f3 su indignaci\u00f3n sobre el caso y advirti\u00f3 que la impunidad y falta de respuestas por parte de las autoridades perpet\u00faan un ciclo de odio y marginaci\u00f3n que se debe detener.<\/p>\n\n\n\n<p>Por ello, exigieron a las autoridades de los tres niveles de gobierno, esclarecer el hecho y llegar hasta el fondo de lo ocurrido con las investigaciones que se requieran en el estado y zona del fallecimiento.<\/p>\n","protected":false},"excerpt":{"rendered":"<p>Mayte L\u00f3pez Regalado, mujer muxe dedicada al activismo en la lucha por la equidad y respeto de la diversidad sexual y de g\u00e9nero, fue asesinada en Oaxaca; su cuerpo fue hallado con signos de tortura, atada de pies y manos, en un paraje sobre la carretera federal entre&nbsp;Juchit\u00e1n y Tehuantepec. Al menos 50 mujeres trans\u00a0han [&hellip;]<\/p>\n","protected":false},"author":1,"featured_media":1864,"comment_status":"open","ping_status":"open","sticky":false,"template":"","format":"standard","meta":{"advgb_blocks_editor_width":"","advgb_blocks_columns_visual_guide":"","footnotes":""},"categories":[255,180],"tags":[258,201,294,251],"class_list":["post-1863","post","type-post","status-publish","format-standard","has-post-thumbnail","hentry","category-crimenes-de-odio","category-derechos-umanos","tag-crimenes-de-odio","tag-portada","tag-transfeminicidio","tag-transfobia"],"author_meta":{"display_name":"Revista Todes","author_link":"https:\/\/todes.com.mx\/?author=1"},"featured_img":"https:\/\/todes.com.mx\/wp-content\/uploads\/2024\/10\/Screenshot_20241004_210931_Chrome-226x300.jpg","coauthors":[],"tax_additional":{"categories":{"linked":["<a href=\"https:\/\/todes.com.mx\/?cat=255\" class=\"advgb-post-tax-term\">Cr\u00edmenes de Odio<\/a>","<a href=\"https:\/\/todes.com.mx\/?cat=180\" class=\"advgb-post-tax-term\">Derechos Humanos<\/a>"],"unlinked":["<span class=\"advgb-post-tax-term\">Cr\u00edmenes de Odio<\/span>","<span class=\"advgb-post-tax-term\">Derechos Humanos<\/span>"]},"tags":{"linked":["<a href=\"https:\/\/todes.com.mx\/?cat=180\" class=\"advgb-post-tax-term\">Cr\u00edmenes de odio<\/a>","<a href=\"https:\/\/todes.com.mx\/?cat=180\" class=\"advgb-post-tax-term\">portada<\/a>","<a href=\"https:\/\/todes.com.mx\/?cat=180\" class=\"advgb-post-tax-term\">Transfeminicidio<\/a>","<a href=\"https:\/\/todes.com.mx\/?cat=180\" class=\"advgb-post-tax-term\">Transfobia<\/a>"],"unlinked":["<span class=\"advgb-post-tax-term\">Cr\u00edmenes de odio<\/span>","<span class=\"advgb-post-tax-term\">portada<\/span>","<span class=\"advgb-post-tax-term\">Transfeminicidio<\/span>","<span class=\"advgb-post-tax-term\">Transfobia<\/span>"]}},"comment_count":"0","relative_dates":{"created":"Publicado 2 a\u00f1os hace","modified":"Actualizado 2 a\u00f1os hace"},"absolute_dates":{"created":"Publicado el 4 de octubre de 2024","modified":"Actualizado el 4 de octubre de 2024"},"absolute_dates_time":{"created":"Publicado el 4 de octubre de 2024 22:51","modified":"Actualizado el 4 de octubre de 2024 22:51"},"featured_img_caption":"","series_order":"","amp_enabled":true,"_links":{"self":[{"href":"https:\/\/todes.com.mx\/index.php?rest_route=\/wp\/v2\/posts\/1863","targetHints":{"allow":["GET"]}}],"collection":[{"href":"https:\/\/todes.com.mx\/index.php?rest_route=\/wp\/v2\/posts"}],"about":[{"href":"https:\/\/todes.com.mx\/index.php?rest_route=\/wp\/v2\/types\/post"}],"author":[{"embeddable":true,"href":"https:\/\/todes.com.mx\/index.php?rest_route=\/wp\/v2\/users\/1"}],"replies":[{"embeddable":true,"href":"https:\/\/todes.com.mx\/index.php?rest_route=%2Fwp%2Fv2%2Fcomments&post=1863"}],"version-history":[{"count":2,"href":"https:\/\/todes.com.mx\/index.php?rest_route=\/wp\/v2\/posts\/1863\/revisions"}],"predecessor-version":[{"id":1866,"href":"https:\/\/todes.com.mx\/index.php?rest_route=\/wp\/v2\/posts\/1863\/revisions\/1866"}],"wp:featuredmedia":[{"embeddable":true,"href":"https:\/\/todes.com.mx\/index.php?rest_route=\/wp\/v2\/media\/1864"}],"wp:attachment":[{"href":"https:\/\/todes.com.mx\/index.php?rest_route=%2Fwp%2Fv2%2Fmedia&parent=1863"}],"wp:term":[{"taxonomy":"category","embeddable":true,"href":"https:\/\/todes.com.mx\/index.php?rest_route=%2Fwp%2Fv2%2Fcategories&post=1863"},{"taxonomy":"post_tag","embeddable":true,"href":"https:\/\/todes.com.mx\/index.php?rest_route=%2Fwp%2Fv2%2Ftags&post=1863"}],"curies":[{"name":"wp","href":"https:\/\/api.w.org\/{rel}","templated":true}]}}