{"id":1847,"date":"2024-09-25T11:40:36","date_gmt":"2024-09-25T16:40:36","guid":{"rendered":"https:\/\/todes.com.mx\/?p=1847"},"modified":"2024-09-25T11:40:37","modified_gmt":"2024-09-25T16:40:37","slug":"insuficientes-las-acciones-del-estado-mexicano-contra-la-discriminacion-horacio-franco","status":"publish","type":"post","link":"https:\/\/todes.com.mx\/?p=1847","title":{"rendered":"<strong>Insuficientes las Acciones del Estado Mexicano contra la Discriminaci\u00f3n: Horacio Franco<\/strong>"},"content":{"rendered":"\n<p><strong>Por Fabi\u00e1n Polanco <\/strong>| @<strong>fabiancpolanco<\/strong><\/p>\n\n\n\n<p>Una de las figuras m\u00e1s emblem\u00e1ticas de la comunidad LGBTIQ+ en M\u00e9xico es el m\u00fasico, profesor y director de orquesta mexicano <strong>Horacio Franco<\/strong>, destacado int\u00e9rprete de la flauta de pico que cuenta con una amplia trayectoria de 50 a\u00f1os de arduo trabajo, quien ofrece m\u00e1s de cien conciertos al a\u00f1o,\u200b en los que interpreta lo mismo m\u00fasica cl\u00e1sica, popular y tradicional, en escenarios que van desde las salas de concierto m\u00e1s imponentes, hasta escuelas y plazas p\u00fablicas.<\/p>\n\n\n\n<p>Tuvimos la oportunidad de platicar en exclusiva con \u00e9l sobre su paso por la vida, la cual ha trascurrido de manera abierta, en lo que a su orientaci\u00f3n sexual se refiere; permiti\u00e9ndonos conocer su sentir al respecto.<\/p>\n\n\n\n<p>\u00bf<strong>Qu\u00e9 edad que ten\u00edas cuando te diste cuenta de que ten\u00edas una orientaci\u00f3n sexual distinta a los dem\u00e1s<\/strong>?<br>Sal\u00ed de cl\u00f3set cuando sal\u00ed del \u00fatero. Empec\u00e9 a tener novios a los 11 a\u00f1os. En sexto de primaria, entrando a la secundaria ya me sent\u00eda fuertemente atra\u00eddo por mi vecino, que fue mi primer novio. Y fue un novio muy rom\u00e1ntico, de muchos besos, caricias y todo lo dem\u00e1s. Bueno, no todo lo dem\u00e1s, pero besos y caricias (sonr\u00ede). Y cada vez que me lo encuentro, lo abrazo y le digo que fue mi primer novio. Es un gran amigo y un tipo excelente.<\/p>\n\n\n\n<p>\u00bf<strong>Qu\u00e9 te motiv\u00f3 a hacer p\u00fablica tu orientaci\u00f3n sexual<\/strong>?<br>A los 11 a\u00f1os salgo del cl\u00f3set y me defino como homosexual y a los 14 a\u00f1os se lo digo a mi madre. Finalmente, el hecho de haber estudiado en el conservatorio, ya con mucha gente m\u00e1s grande que yo y siendo amigo de \u00c1gueda Gonz\u00e1lez, con muchos directores de cine y teatro que eran gay, no ten\u00eda ning\u00fan problema. Estoy hablando de 1978, 79; y obviamente eso me dio mucha seguridad para dec\u00edrselo a mi madre, que nunca lo acept\u00f3 y que fue romperle el esquema y desvencijar toda la idea que ella hab\u00eda formado para m\u00ed.<\/p>\n\n\n\n<p>Aparte, ya le hab\u00eda dicho que quer\u00eda ser m\u00fasico, ya estudiaba en el conservatorio. Para ella fue un terrible golpe emocional, pero no para m\u00ed, porque finalmente yo sab\u00eda que s\u00ed estaba bien; y a pesar de que me mand\u00f3 al psiquiatra, al psic\u00f3logo, ellos mismos me dieron la raz\u00f3n. Te estoy hablando del a\u00f1o 1979, cuando todav\u00eda la homosexualidad estaba considerada una enfermedad por la Asociaci\u00f3n de Psiquiatr\u00eda Norteamericana; yo ten\u00eda 14 o 15 a\u00f1os y, al verme tan seguro de m\u00ed mismo, el psiquiatra no tuvo ning\u00fan problema en reconocerme y me dijo que el problema eran mi mam\u00e1 y mi familia y que no lo iban a aceptar tan f\u00e1cil.<\/p>\n\n\n\n<p>Finalmente todo eso me fue fraguando mucha seguridad y fui un ni\u00f1o muy precoz y a los 16 a\u00f1os ya era profesor en el Conservatorio. En 1981 me aceptan en el Conservatorio de Amsterdam&nbsp; as\u00ed que a los 17 a\u00f1os me fui a estudiar a Holanda, la democracia m\u00e1s gay friendly de todo el mundo, as\u00ed que finalmente ya no tuve ning\u00fan problema.<\/p>\n\n\n\n<p>Los problemas eran aqu\u00ed en M\u00e9xico, con mis familiares. Pero a final de cuentas, yo nunca sacrifiqu\u00e9, ni tuve ninguna duda o ning\u00fan problema por ser yo mismo. Al regresar de Holanda, varios a\u00f1os despu\u00e9s, ya hab\u00eda sentado las bases para una carrera s\u00f3lida en la m\u00fasica cl\u00e1sica, que tambi\u00e9n es un ambiente muy hom\u00f3fobo y muy conservador, as\u00ed que empec\u00e9 a salir del cl\u00f3set hacia 1989, pero poco a poco, hasta que ya casi en el nuevo milenio empec\u00e9 a ser activista, a tocar en las Marchas del Orgullo y a salir m\u00e1s del cl\u00f3set como figura p\u00fablica. Pero en realidad, jam\u00e1s negu\u00e9 mi condici\u00f3n de homosexual.<\/p>\n\n\n\n<p>\u00bf<strong>C\u00f3mo fue el trato de la gente de Holanda siendo un extranjero homosexual fuera del cl\u00f3set<\/strong>?<br>A m\u00ed me toc\u00f3 una \u00e9poca dorada en la democracia holandesa, porque era pol\u00edticamente muy incorrecto se\u00f1alar a alguien por ser extranjero, por su raza, su orientaci\u00f3n sexual o religiosa. Entonces, nunca hubo problema. A los pocos meses de llegar a Holanda me consegu\u00ed un novio con el cual dur\u00e9 seis a\u00f1os. Me lo traje a vivir a M\u00e9xico, pero en Holanda era totalmente normal, no hab\u00eda ning\u00fan problema, jam\u00e1s hubo ning\u00fan se\u00f1alamiento por ser gay.<\/p>\n\n\n\n<p>Una vez tuve un incidente por ser mexicano, por ser extranjero m\u00e1s bien, con una se\u00f1ora que sin querer empuj\u00e9, porque el autob\u00fas donde ven\u00eda dio un enfren\u00f3n y la se\u00f1ora empez\u00f3 a decir que los extranjeros siempre causan problemas; pero toda la gente que estaba en el autob\u00fas, que estaba repleto, se fue en contra a la se\u00f1ora defendi\u00e9ndome a m\u00ed como extranjero. Nunca hubo ning\u00fan problema, jam\u00e1s.<\/p>\n\n\n\n<p>\u00bf<strong>Crees que tenga un significado m\u00e1s grande el que hayas hecho p\u00fablica tu orientaci\u00f3n sexual<\/strong>?<br>El haber hecho p\u00fablica mi orientaci\u00f3n sexual, hace ya m\u00e1s de 20 a\u00f1os, fue un catalizador para expresarme p\u00fablicamente tal como soy y para luchar por la comunidad LGBTTTIQ+ en M\u00e9xico, lo que contribuy\u00f3 a que mi imagen como artista se expandiera. A m\u00ed en lo personal no me ha afectado la discriminaci\u00f3n, ni por ser mexicano, ni por gay, ni por nada, porque siempre he estado convencido de que quien discrimina es quien tiene el problema.<\/p>\n\n\n\n<p>El temor es de quien discrimina, no del objeto a discriminar, finalmente ah\u00ed es donde est\u00e1n todos los problemas de la sociedad mexicana, todo el machismo recalcitrante, en la falta de informaci\u00f3n y educaci\u00f3n de la sociedad mexicana. Mi activismo se ha ido manifestando a partir de tantos a\u00f1os de estar siempre tratando de educar. El lema fundamental en mi vida es siempre tratar de educar a mi entorno.<\/p>\n\n\n\n<p>\u00bf<strong>Qu\u00e9 tan seguro te sientes en M\u00e9xico siendo homosexual<\/strong>?<br>Me siento totalmente seguro y asimilado, uno proyecta siempre lo que siente y lo que es, aunque me he enterado que gente prominente en el mundo de la m\u00fasica no me quiere por ser gay. \u00bfT\u00fa crees que yo no pude dormir por eso? Por supuesto que no me interesa en lo m\u00e1s m\u00ednimo, lo que la gente piense de m\u00ed. Yo tengo un p\u00fablico al cual respeto y quiero mucho y que me quiere a m\u00ed.<\/p>\n\n\n\n<p>&nbsp;\u00bf<strong>Te sientes representado dentro del colectivo gay en la ciudad y en el pa\u00eds<\/strong>?<br>El problema es que no creo que haya un colectivo gay en el pa\u00eds, ni que en la ciudad haya ninguna comunidad. La sociedad mexicana es muy clasista, muy racista, muy polarizada, muy con diferentes intereses y obviamente existimos gay y lesbianas en todos lados, pero no formamos ninguna comunidad m\u00e1s que en la Marcha del Orgullo, que es donde todos hacemos catarsis. Pero a la hora de estar no estamos y eso es el grave problema, igual como sociedad, estamos, pero no estamos a la hora que se necesita una sociedad unida, porque no lo somos. La comunidad gay es un reflejo triste, pero real y certero de c\u00f3mo est\u00e1 la sociedad en M\u00e9xico\u201d.<\/p>\n\n\n\n<p><strong>Si te eligieran para dar un discurso a una poblaci\u00f3n en un auditorio con gente hom\u00f3foba<\/strong>, \u00bf<strong>Qu\u00e9 les dir\u00edas<\/strong>?<br>Yo les dir\u00eda: \u00bfD\u00f3nde est\u00e1 la contradicci\u00f3n natural de ser homosexual o ser lesbiana Si los animales lo practican, si est\u00e1 demostrado que es gen\u00e9tico, se\u00f1ores. Esto es una cosa que la traemos, pero que muchos no se atreven a sacar, porque hay muchos intereses y ah\u00ed es donde se hace presente la doble moral, el control de mucha gente hom\u00f3foba que est\u00e1 ah\u00ed. Simplemente les dar\u00eda mi testimonio de vida. No dar\u00eda otra cosa m\u00e1s que mi testimonio de vida para convencerlos que ser homosexual no es ninguna aberraci\u00f3n y ninguna cuesti\u00f3n por la cual se tenga que escandalizar o por la cual se tenga que discriminar a alguien.<\/p>\n\n\n\n<p>\u00bf<strong>Vali\u00f3 la pena la creaci\u00f3n de iniciativas de ley incluyentes para personas LGBTIQ+?<\/strong><br>Por supuesto que vali\u00f3 la pena. Yo estoy casado y gracias a eso mi marido tiene un estatus legal y va a poder estar conmigo en el hospital donde me vaya yo a morir o yo de \u00e9l. No va a haber problemas con las familias de herencias o de cualquier cosa, que me quieran a m\u00ed despojar de lo que hemos logrado entre \u00e9l y yo, o a \u00e9l si yo me muero antes. El hecho de tener un estatus legal es una prebenda a la cual todos los ciudadanos tenemos derecho. Todas las cuestiones de sociedades de convivencia, de la cual fui promotor y activista en 2003, se tienen que generalizar en todo el territorio nacional si queremos ser un pa\u00eds de avanzada.<\/p>\n\n\n\n<p>\u00bf<strong>Es suficiente lo que el Estado hace para erradicar la homofobia y discriminaci\u00f3n<\/strong>?<br>No, no es suficiente lo que ning\u00fan gobierno ha hecho en cuesti\u00f3n de erradicaci\u00f3n de la discriminaci\u00f3n, porque no se han lanzado campa\u00f1as certeras, absolutas y muchas campa\u00f1as de educaci\u00f3n en las escuelas, en las familias y a nivel masivo de comunicaci\u00f3n para evitar esta discriminaci\u00f3n. Se habla a cuentagotas, se educa a cuentagotas, pero no con acciones certeras y mucho m\u00e1s definitivas. Pero tambi\u00e9n hay una responsabilidad de la ciudadan\u00eda: educarnos y educar. La comunidad LGBTIQ+ tenemos que educarnos. Yo s\u00ed creo que es posible crear una comunidad con intereses comunes y despu\u00e9s educar a nuestro entorno; y mientras m\u00e1s nos eduquemos, mejor.<\/p>\n\n\n\n<p>\u00bf<strong>Existe la amistad entre los gays<\/strong>?<br>La amistad entre gays es tambi\u00e9n una utop\u00eda. La sociedad mexicana est\u00e1 muy polarizada y solamente somos amigos de gente que es af\u00edn con nosotros en las cuestiones sociales, econ\u00f3micas, pol\u00edticas, hasta religiosas. Puedes tener tus amigos gay para el desmadre, puedes tener tus amigos gay para ir a comer, tus amigos para lo que quieras. Pero la comunidad gay es una comunidad que no es comunidad, y al no haber comunidad, es muy dif\u00edcil realmente tener amigos verdaderos en ese sentido.<\/p>\n\n\n\n<p>Yo tengo muchos m\u00e1s amigos heterosexuales que gays. Los mismos gays estamos a la defensiva entre nosotros. Nada m\u00e1s estamos viendo por d\u00f3nde nos van a atacar, o por d\u00f3nde va a salir alg\u00fan mal comentario, se comenta mucho esto, que estamos a la defensiva entre nosotros.<\/p>\n\n\n\n<p>\u00bf<strong>C\u00f3mo ves t\u00fa el movimiento gay en M\u00e9xico en el futuro<\/strong>?<br>Yo creo que el movimiento gay en M\u00e9xico, si no se unifica, si no se despolariza, la cuesti\u00f3n social va a seguir siendo la misma, o sea, vamos a seguir siendo los que sacamos la cara solamente en la Marcha, los que vamos al desmadre en la Marcha, los que vamos a manifestarnos. El cambio de fondo no est\u00e1 en la comunidad LGBTIQ+, est\u00e1 en la sociedad mexicana. Mientras la sociedad mexicana no cambie y no haya menos diferencias entre ricos y pobres, menos diferencias sociales, raciales, nunca vamos a cambiar. Todo lo que se pueda hacer son esfuerzos buenos, pero que nunca van a hacer que esto gire 180 grados, como deber\u00eda girar toda la sociedad mexicana.<\/p>\n\n\n\n<p>\u00bf<strong>Existe divisi\u00f3n entre los hombres y mujeres dentro de la comunidad LGBTIQ<\/strong>+?<br>Siempre ha existido esta discusi\u00f3n sobre la divisi\u00f3n entre gays y lesbianas; y ahora es todav\u00eda m\u00e1s entre gays, lesbianas y trans, por ejemplo. Somos una sociedad muy dividida y polarizada, donde cada uno defiende el basti\u00f3n que quiere. Vivimos en una sociedad como en la India, una sociedad de castas, pero estamos en el closet. Est\u00e1 la casta de los muxes, la casta de las musculocas, la casta de las lesbianas, la casta de las traileras. Es algo infinito. Es una segregaci\u00f3n infinita.<\/p>\n\n\n\n<p><strong>Has sido modelo para la creatividad de otros artistas <\/strong><strong>como fot\u00f3grafos y pintores<\/strong>, <strong>por ejemplo.<\/strong><br>Para m\u00ed es un honor que un artista pl\u00e1stico se fije en m\u00ed y me tome como modelo. Cultivo mucho mi f\u00edsico por salud, por humanidad y por mercado, porque finalmente soy una figura p\u00fablica. En ese sentido, siempre he sido muy honesto. Les agradezco mucho y soy como soy y ya. No quiero parecerme a nadie, yo no quiero emular a nadie y no quiero ser como nadie.<\/p>\n","protected":false},"excerpt":{"rendered":"<p>Por Fabi\u00e1n Polanco | @fabiancpolanco Una de las figuras m\u00e1s emblem\u00e1ticas de la comunidad LGBTIQ+ en M\u00e9xico es el m\u00fasico, profesor y director de orquesta mexicano Horacio Franco, destacado int\u00e9rprete de la flauta de pico que cuenta con una amplia trayectoria de 50 a\u00f1os de arduo trabajo, quien ofrece m\u00e1s de cien conciertos al a\u00f1o,\u200b [&hellip;]<\/p>\n","protected":false},"author":1,"featured_media":1848,"comment_status":"open","ping_status":"open","sticky":false,"template":"","format":"standard","meta":{"advgb_blocks_editor_width":"","advgb_blocks_columns_visual_guide":"","footnotes":""},"categories":[4,178,2],"tags":[490,488,201,202],"class_list":["post-1847","post","type-post","status-publish","format-standard","has-post-thumbnail","hentry","category-arte-cultura","category-biografias","category-orgullo-lgbtq","tag-figuras-lgbt","tag-iconos-lgbt","tag-portada","tag-todes"],"author_meta":{"display_name":"Revista Todes","author_link":"https:\/\/todes.com.mx\/?author=1"},"featured_img":"https:\/\/todes.com.mx\/wp-content\/uploads\/2024\/09\/IMG-20240922-WA0022-300x187.jpg","coauthors":[],"tax_additional":{"categories":{"linked":["<a href=\"https:\/\/todes.com.mx\/?cat=4\" class=\"advgb-post-tax-term\">Arte y Cultura<\/a>","<a href=\"https:\/\/todes.com.mx\/?cat=178\" class=\"advgb-post-tax-term\">Biograf\u00edas<\/a>","<a href=\"https:\/\/todes.com.mx\/?cat=2\" class=\"advgb-post-tax-term\">Orgullo LGBT<\/a>"],"unlinked":["<span class=\"advgb-post-tax-term\">Arte y Cultura<\/span>","<span class=\"advgb-post-tax-term\">Biograf\u00edas<\/span>","<span class=\"advgb-post-tax-term\">Orgullo LGBT<\/span>"]},"tags":{"linked":["<a href=\"https:\/\/todes.com.mx\/?cat=2\" class=\"advgb-post-tax-term\">Figuras LGBT<\/a>","<a href=\"https:\/\/todes.com.mx\/?cat=2\" class=\"advgb-post-tax-term\">Iconos LGBT<\/a>","<a href=\"https:\/\/todes.com.mx\/?cat=2\" class=\"advgb-post-tax-term\">portada<\/a>","<a href=\"https:\/\/todes.com.mx\/?cat=2\" class=\"advgb-post-tax-term\">Todes<\/a>"],"unlinked":["<span class=\"advgb-post-tax-term\">Figuras LGBT<\/span>","<span class=\"advgb-post-tax-term\">Iconos LGBT<\/span>","<span class=\"advgb-post-tax-term\">portada<\/span>","<span class=\"advgb-post-tax-term\">Todes<\/span>"]}},"comment_count":"0","relative_dates":{"created":"Publicado 2 a\u00f1os hace","modified":"Actualizado 2 a\u00f1os hace"},"absolute_dates":{"created":"Publicado el 25 de septiembre de 2024","modified":"Actualizado el 25 de septiembre de 2024"},"absolute_dates_time":{"created":"Publicado el 25 de septiembre de 2024 11:40","modified":"Actualizado el 25 de septiembre de 2024 11:40"},"featured_img_caption":"","series_order":"","amp_enabled":true,"_links":{"self":[{"href":"https:\/\/todes.com.mx\/index.php?rest_route=\/wp\/v2\/posts\/1847","targetHints":{"allow":["GET"]}}],"collection":[{"href":"https:\/\/todes.com.mx\/index.php?rest_route=\/wp\/v2\/posts"}],"about":[{"href":"https:\/\/todes.com.mx\/index.php?rest_route=\/wp\/v2\/types\/post"}],"author":[{"embeddable":true,"href":"https:\/\/todes.com.mx\/index.php?rest_route=\/wp\/v2\/users\/1"}],"replies":[{"embeddable":true,"href":"https:\/\/todes.com.mx\/index.php?rest_route=%2Fwp%2Fv2%2Fcomments&post=1847"}],"version-history":[{"count":1,"href":"https:\/\/todes.com.mx\/index.php?rest_route=\/wp\/v2\/posts\/1847\/revisions"}],"predecessor-version":[{"id":1849,"href":"https:\/\/todes.com.mx\/index.php?rest_route=\/wp\/v2\/posts\/1847\/revisions\/1849"}],"wp:featuredmedia":[{"embeddable":true,"href":"https:\/\/todes.com.mx\/index.php?rest_route=\/wp\/v2\/media\/1848"}],"wp:attachment":[{"href":"https:\/\/todes.com.mx\/index.php?rest_route=%2Fwp%2Fv2%2Fmedia&parent=1847"}],"wp:term":[{"taxonomy":"category","embeddable":true,"href":"https:\/\/todes.com.mx\/index.php?rest_route=%2Fwp%2Fv2%2Fcategories&post=1847"},{"taxonomy":"post_tag","embeddable":true,"href":"https:\/\/todes.com.mx\/index.php?rest_route=%2Fwp%2Fv2%2Ftags&post=1847"}],"curies":[{"name":"wp","href":"https:\/\/api.w.org\/{rel}","templated":true}]}}