{"id":1689,"date":"2024-06-05T02:09:30","date_gmt":"2024-06-05T07:09:30","guid":{"rendered":"https:\/\/todes.com.mx\/?p=1689"},"modified":"2024-06-05T02:09:31","modified_gmt":"2024-06-05T07:09:31","slug":"la-homofobia-del-sindicato-del-infonavit","status":"publish","type":"post","link":"https:\/\/todes.com.mx\/?p=1689","title":{"rendered":"<strong>La Homofobia del Sindicato del Infonavit<\/strong>"},"content":{"rendered":"\n<p>En pleno arranque de las celebraciones del Mes del Orgullo LGBTIQ+, un grupo de empleados del Instituto del Fondo Nacional de la Vivienda para los Trabajadores (Infonavit), alentado por su l\u00edder sindical Rafael Riva Palacio Pontones, destroz\u00f3 la bandera del arcoiris&nbsp;que presid\u00eda la entrada al edificio, por considerarla \u00abindigna\u00bb.<\/p>\n\n\n\n<p>Con meg\u00e1fono en mano, Riva Palacio acus\u00f3 al director general del Infonavit, Carlos Mart\u00ednez, de imponer la bandera LGBTIQ+ sin pedir permiso, a pesar de que hay un reglamento. \u201cNo lo podemos permitir, y cuantas veces lo quieran poner, tantas veces lo pongan lo vamos a quitar\u201d, amenaz\u00f3 el l\u00edder sindical, tras lo cual algunos de sus agremiados tomaron la bandera arcoiris de los lados y comenzaron a rasgarla.<\/p>\n\n\n\n<p>El director del instituto, Carlos Mart\u00ednez, quien es abiertamente gay, calific\u00f3 el hecho como un acto de barbarie, odio, homofobia y discriminaci\u00f3n; por lo cual anunci\u00f3 que va a presentar una denuncia ante las instancias correspondientes. Desde hace 5 a\u00f1os, el Infonavit coloca la bandera del arco\u00edris en su fachada, como parte de las celebraciones del Mes del Orgullo LGBTIQ+.<\/p>\n\n\n\n<p>\u00abEn comunidad, nos ense\u00f1amos que el amor es la mayor fuerza de la sociedad, aprendimos a cuidarnos entre todos contra una sociedad que no nos quer\u00eda ver&nbsp; ni dejar ser. Nuestra venganza en contra de esa sociedad es ser felices, es el baile y la alegr\u00eda. Seguiremos en la lucha, las banderas se levantar\u00e1n cuantas veces sea necesario. Va a triunfar la revoluci\u00f3n de las conciencias\u00bb, enfatiz\u00f3.<\/p>\n\n\n\n<p>En tanto, el Consejo Nacional para Prevenir la Discriminaci\u00f3n (Conapred) conden\u00f3 en\u00e9rgicamente los hechos e hizo un llamado a reconocer y respetar los s\u00edmbolos de la lucha de quienes han contribuido a la ampliaci\u00f3n de derechos; as\u00ed como a promover la inclusi\u00f3n en todas sus facetas, particularmente si se trata de una instituci\u00f3n p\u00fablica y de bienestar social que tiene por objeto servir a todas las personas.<\/p>\n\n\n\n<p>Urgi\u00f3 eliminar todas las muestras de odio contra las personas de la&nbsp;diversidad sexogen\u00e9ricay con caracter\u00edsticas sexuales diversas. \u201cEste tipo de acciones atentan contra la dignidad humana, segregan, estigmatizan e incentivan actos de violencia que pueden vulnerar la vida de las personas\u201d, alert\u00f3.<\/p>\n\n\n\n<p>Finalmente, el Conapred refrend\u00f3 el compromiso del gobierno de M\u00e9xico con la lucha por los derechos, en particular con la diversidad, la igualdad y la justicia para todas las personas; por lo cual inst\u00f3 a visibilizar, reconocer y respetar todas las identidades sexuales y de g\u00e9nero no normativas, as\u00ed como el libre desarrollo de la personalidad\u201d.<\/p>\n","protected":false},"excerpt":{"rendered":"<p>En pleno arranque de las celebraciones del Mes del Orgullo LGBTIQ+, un grupo de empleados del Instituto del Fondo Nacional de la Vivienda para los Trabajadores (Infonavit), alentado por su l\u00edder sindical Rafael Riva Palacio Pontones, destroz\u00f3 la bandera del arcoiris&nbsp;que presid\u00eda la entrada al edificio, por considerarla \u00abindigna\u00bb. Con meg\u00e1fono en mano, Riva Palacio [&hellip;]<\/p>\n","protected":false},"author":1,"featured_media":1690,"comment_status":"open","ping_status":"open","sticky":false,"template":"","format":"standard","meta":{"advgb_blocks_editor_width":"","advgb_blocks_columns_visual_guide":"","footnotes":""},"categories":[180,241],"tags":[256,201],"class_list":["post-1689","post","type-post","status-publish","format-standard","has-post-thumbnail","hentry","category-derechos-umanos","category-politica","tag-homofobia","tag-portada"],"author_meta":{"display_name":"Revista Todes","author_link":"https:\/\/todes.com.mx\/?author=1"},"featured_img":"https:\/\/todes.com.mx\/wp-content\/uploads\/2024\/06\/FB_IMG_1717568220359-300x300.jpg","coauthors":[],"tax_additional":{"categories":{"linked":["<a href=\"https:\/\/todes.com.mx\/?cat=180\" class=\"advgb-post-tax-term\">Derechos Humanos<\/a>","<a href=\"https:\/\/todes.com.mx\/?cat=241\" class=\"advgb-post-tax-term\">Pol\u00edtica<\/a>"],"unlinked":["<span class=\"advgb-post-tax-term\">Derechos Humanos<\/span>","<span class=\"advgb-post-tax-term\">Pol\u00edtica<\/span>"]},"tags":{"linked":["<a href=\"https:\/\/todes.com.mx\/?cat=241\" class=\"advgb-post-tax-term\">Homofobia<\/a>","<a href=\"https:\/\/todes.com.mx\/?cat=241\" class=\"advgb-post-tax-term\">portada<\/a>"],"unlinked":["<span class=\"advgb-post-tax-term\">Homofobia<\/span>","<span class=\"advgb-post-tax-term\">portada<\/span>"]}},"comment_count":"0","relative_dates":{"created":"Publicado 2 a\u00f1os hace","modified":"Actualizado 2 a\u00f1os hace"},"absolute_dates":{"created":"Publicado el 5 de junio de 2024","modified":"Actualizado el 5 de junio de 2024"},"absolute_dates_time":{"created":"Publicado el 5 de junio de 2024 02:09","modified":"Actualizado el 5 de junio de 2024 02:09"},"featured_img_caption":"","series_order":"","amp_enabled":true,"_links":{"self":[{"href":"https:\/\/todes.com.mx\/index.php?rest_route=\/wp\/v2\/posts\/1689","targetHints":{"allow":["GET"]}}],"collection":[{"href":"https:\/\/todes.com.mx\/index.php?rest_route=\/wp\/v2\/posts"}],"about":[{"href":"https:\/\/todes.com.mx\/index.php?rest_route=\/wp\/v2\/types\/post"}],"author":[{"embeddable":true,"href":"https:\/\/todes.com.mx\/index.php?rest_route=\/wp\/v2\/users\/1"}],"replies":[{"embeddable":true,"href":"https:\/\/todes.com.mx\/index.php?rest_route=%2Fwp%2Fv2%2Fcomments&post=1689"}],"version-history":[{"count":1,"href":"https:\/\/todes.com.mx\/index.php?rest_route=\/wp\/v2\/posts\/1689\/revisions"}],"predecessor-version":[{"id":1691,"href":"https:\/\/todes.com.mx\/index.php?rest_route=\/wp\/v2\/posts\/1689\/revisions\/1691"}],"wp:featuredmedia":[{"embeddable":true,"href":"https:\/\/todes.com.mx\/index.php?rest_route=\/wp\/v2\/media\/1690"}],"wp:attachment":[{"href":"https:\/\/todes.com.mx\/index.php?rest_route=%2Fwp%2Fv2%2Fmedia&parent=1689"}],"wp:term":[{"taxonomy":"category","embeddable":true,"href":"https:\/\/todes.com.mx\/index.php?rest_route=%2Fwp%2Fv2%2Fcategories&post=1689"},{"taxonomy":"post_tag","embeddable":true,"href":"https:\/\/todes.com.mx\/index.php?rest_route=%2Fwp%2Fv2%2Ftags&post=1689"}],"curies":[{"name":"wp","href":"https:\/\/api.w.org\/{rel}","templated":true}]}}