{"id":1681,"date":"2024-05-28T16:48:20","date_gmt":"2024-05-28T21:48:20","guid":{"rendered":"https:\/\/todes.com.mx\/?p=1681"},"modified":"2024-05-28T16:48:21","modified_gmt":"2024-05-28T21:48:21","slug":"papa-francisco-se-disculpa-por-usar-la-palabra-mariconerias","status":"publish","type":"post","link":"https:\/\/todes.com.mx\/?p=1681","title":{"rendered":"<strong>Papa Francisco se disculpa por usar la palabra \u00abm<\/strong><strong>ariconer\u00edas\u00bb<\/strong>"},"content":{"rendered":"\n<p>El papa Francisco se disculp\u00f3 este martes por haber usado la palabra \u00abfrociaggine\u00bb durante una reuni\u00f3n a puerta cerrada con 250 obispos italianos, al manifestar su oposici\u00f3n a que hombres abiertamente homosexuales entren en el seminario.<\/p>\n\n\n\n<p>El vocablo romano \u00abfrociaggine\u00bb es considerado vulgar y despectivo con las personas homosexuales, que en espa\u00f1ol equivaldr\u00eda a \u00abmariconer\u00edas\u00bb.<\/p>\n\n\n\n<p>\u00abEl papa nunca ha pretendido ofender o expresarse en t\u00e9rminos homof\u00f3bicos, y presenta sus disculpas a quienes se hayan sentido ofendidos por el uso de una palabra\u00bb, se\u00f1ala un comunicado difundido por El Vaticano.<\/p>\n\n\n\n<p>El sumo pont\u00edfice, de 87 a\u00f1os, habr\u00eda usado ese t\u00e9rmino durante una reuni\u00f3n a puerta cerrada con 250 obispos italianos la semana pasada, al manifestar su oposici\u00f3n a que hombres abiertamente homosexuales entren en el seminario, pese a que hayan hecho voto de celibato.<\/p>\n\n\n\n<p>Seg\u00fan dos diarios italianos, Francisco dijo que hab\u00eda demasiada \u00abfrociaggine\u00bb en los seminarios, lo que ocup\u00f3 titulares de todo el mundo y desat\u00f3 indignaci\u00f3n entre los grupos de defensa del colectivo LGBTIQ, as\u00ed como entre cat\u00f3licos practicantes.<\/p>\n\n\n\n<p>Algunos asistentes a la reuni\u00f3n apuntaron que quiz\u00e1 el papa argentino no sab\u00eda lo que estaba diciendo. El comunicado del Vaticano no confirma que Francisco hubiera utilizado esa palabra pero alude a los reportes en prensa.<\/p>\n\n\n\n<p>\u00abComo \u00e9l ya ha afirmado en m\u00e1s de una ocasi\u00f3n: &#8216;\u00a1En la Iglesia hay espacio para todos, para todos! Nadie es in\u00fatil, nadie es superfluo, hay espacio para todos. Sean como sean, todos\u00bb, subraya el comunicado.<\/p>\n","protected":false},"excerpt":{"rendered":"<p>El papa Francisco se disculp\u00f3 este martes por haber usado la palabra \u00abfrociaggine\u00bb durante una reuni\u00f3n a puerta cerrada con 250 obispos italianos, al manifestar su oposici\u00f3n a que hombres abiertamente homosexuales entren en el seminario. El vocablo romano \u00abfrociaggine\u00bb es considerado vulgar y despectivo con las personas homosexuales, que en espa\u00f1ol equivaldr\u00eda a \u00abmariconer\u00edas\u00bb. [&hellip;]<\/p>\n","protected":false},"author":1,"featured_media":1682,"comment_status":"open","ping_status":"open","sticky":false,"template":"","format":"standard","meta":{"advgb_blocks_editor_width":"","advgb_blocks_columns_visual_guide":"","footnotes":""},"categories":[241],"tags":[256,201,202],"class_list":["post-1681","post","type-post","status-publish","format-standard","has-post-thumbnail","hentry","category-politica","tag-homofobia","tag-portada","tag-todes"],"author_meta":{"display_name":"Revista Todes","author_link":"https:\/\/todes.com.mx\/?author=1"},"featured_img":"https:\/\/todes.com.mx\/wp-content\/uploads\/2024\/05\/Screenshot_20240528_154349_Chrome-300x166.jpg","coauthors":[],"tax_additional":{"categories":{"linked":["<a href=\"https:\/\/todes.com.mx\/?cat=241\" class=\"advgb-post-tax-term\">Pol\u00edtica<\/a>"],"unlinked":["<span class=\"advgb-post-tax-term\">Pol\u00edtica<\/span>"]},"tags":{"linked":["<a href=\"https:\/\/todes.com.mx\/?cat=241\" class=\"advgb-post-tax-term\">Homofobia<\/a>","<a href=\"https:\/\/todes.com.mx\/?cat=241\" class=\"advgb-post-tax-term\">portada<\/a>","<a href=\"https:\/\/todes.com.mx\/?cat=241\" class=\"advgb-post-tax-term\">Todes<\/a>"],"unlinked":["<span class=\"advgb-post-tax-term\">Homofobia<\/span>","<span class=\"advgb-post-tax-term\">portada<\/span>","<span class=\"advgb-post-tax-term\">Todes<\/span>"]}},"comment_count":"0","relative_dates":{"created":"Publicado 2 a\u00f1os hace","modified":"Actualizado 2 a\u00f1os hace"},"absolute_dates":{"created":"Publicado el 28 de mayo de 2024","modified":"Actualizado el 28 de mayo de 2024"},"absolute_dates_time":{"created":"Publicado el 28 de mayo de 2024 16:48","modified":"Actualizado el 28 de mayo de 2024 16:48"},"featured_img_caption":"","series_order":"","amp_enabled":true,"_links":{"self":[{"href":"https:\/\/todes.com.mx\/index.php?rest_route=\/wp\/v2\/posts\/1681","targetHints":{"allow":["GET"]}}],"collection":[{"href":"https:\/\/todes.com.mx\/index.php?rest_route=\/wp\/v2\/posts"}],"about":[{"href":"https:\/\/todes.com.mx\/index.php?rest_route=\/wp\/v2\/types\/post"}],"author":[{"embeddable":true,"href":"https:\/\/todes.com.mx\/index.php?rest_route=\/wp\/v2\/users\/1"}],"replies":[{"embeddable":true,"href":"https:\/\/todes.com.mx\/index.php?rest_route=%2Fwp%2Fv2%2Fcomments&post=1681"}],"version-history":[{"count":2,"href":"https:\/\/todes.com.mx\/index.php?rest_route=\/wp\/v2\/posts\/1681\/revisions"}],"predecessor-version":[{"id":1684,"href":"https:\/\/todes.com.mx\/index.php?rest_route=\/wp\/v2\/posts\/1681\/revisions\/1684"}],"wp:featuredmedia":[{"embeddable":true,"href":"https:\/\/todes.com.mx\/index.php?rest_route=\/wp\/v2\/media\/1682"}],"wp:attachment":[{"href":"https:\/\/todes.com.mx\/index.php?rest_route=%2Fwp%2Fv2%2Fmedia&parent=1681"}],"wp:term":[{"taxonomy":"category","embeddable":true,"href":"https:\/\/todes.com.mx\/index.php?rest_route=%2Fwp%2Fv2%2Fcategories&post=1681"},{"taxonomy":"post_tag","embeddable":true,"href":"https:\/\/todes.com.mx\/index.php?rest_route=%2Fwp%2Fv2%2Ftags&post=1681"}],"curies":[{"name":"wp","href":"https:\/\/api.w.org\/{rel}","templated":true}]}}