{"id":1591,"date":"2024-03-06T19:52:36","date_gmt":"2024-03-07T01:52:36","guid":{"rendered":"https:\/\/todes.com.mx\/?p=1591"},"modified":"2024-03-06T19:52:37","modified_gmt":"2024-03-07T01:52:37","slug":"nueva-diputada-trans-en-mexico","status":"publish","type":"post","link":"https:\/\/todes.com.mx\/?p=1591","title":{"rendered":"<strong>Nueva Diputada Trans en M\u00e9xico<\/strong>"},"content":{"rendered":"\n<p>Mar\u00eda Fernanda F\u00e9lix Fregoso hizo historia este 5 de marzo al tomar protesta como la primera diputada federal abiertamente transg\u00e9nero por Movimiento Ciudadano y la tercera a nivel nacional.<\/p>\n\n\n\n<p>Entre sus prioridades legislativas se encuentran la promoci\u00f3n de la educaci\u00f3n sexual, la prevenci\u00f3n de la violencia de g\u00e9nero, el reconocimiento de la identidad de g\u00e9nero y la inclusi\u00f3n laboral de las personas trans.<\/p>\n\n\n\n<p>F\u00e9lix Fregoso ya se desempe\u00f1aba como diputada suplente por la primera circunscripci\u00f3n electoral, que comprende los estados de Baja California, Baja California Sur, Chihuahua, Durango, Jalisco, Nayarit, Sinaloa y Sonora.<\/p>\n\n\n\n<p>La toma de protesta de Fernanda F\u00e9lix se dio en conjunto con otros 24 diputados y diputadas que tambi\u00e9n se unieron a la LXV Legislatura de la C\u00e1mara baja del Congreso de la Uni\u00f3n.<\/p>\n\n\n\n<p>Asi, Mar\u00eda Fernanda F\u00e9lix Fregoso se convierte en la tercera diputada federal abiertamente transg\u00e9nero en la historia de M\u00e9xico, despu\u00e9s de las legisladoras trans de Morena Salma Lu\u00e9vano y Mar\u00eda Clemente Garc\u00eda Moreno.<\/p>\n\n\n\n<p>Movimiento Ciudadano manifest\u00f3 su respaldo a Fernanda F\u00e9lix como diputada federal para que luche \u00abpor un futuro de derechos y oportunidades para todas, todos y todes en M\u00e9xico\u00bb.<\/p>\n\n\n\n<p>La ahora diputada federal trans recibi\u00f3 muestras de apoyo y deseos de \u00e9xito en su labor legislativa por parte de su bancada partidista y de decenas de activistas LGBTIQ+ de toda la Rep\u00fablica Mexicana.<\/p>\n\n\n\n<p>Con una larga trayectoria como activista por los derechos de la comunidad LGBT+, F\u00e9lix Fregoso ha participado en diversas organizaciones sociales y pol\u00edticas. En diciembre, recibi\u00f3 el nombramiento de secretaria estatal de asuntos legislativos en Movimiento Ciudadano del estado de Sonora.<\/p>\n","protected":false},"excerpt":{"rendered":"<p>Mar\u00eda Fernanda F\u00e9lix Fregoso hizo historia este 5 de marzo al tomar protesta como la primera diputada federal abiertamente transg\u00e9nero por Movimiento Ciudadano y la tercera a nivel nacional. Entre sus prioridades legislativas se encuentran la promoci\u00f3n de la educaci\u00f3n sexual, la prevenci\u00f3n de la violencia de g\u00e9nero, el reconocimiento de la identidad de g\u00e9nero [&hellip;]<\/p>\n","protected":false},"author":1,"featured_media":1594,"comment_status":"open","ping_status":"open","sticky":false,"template":"","format":"standard","meta":{"advgb_blocks_editor_width":"","advgb_blocks_columns_visual_guide":"","footnotes":""},"categories":[180,1,2,241],"tags":[201,202,427,407],"class_list":["post-1591","post","type-post","status-publish","format-standard","has-post-thumbnail","hentry","category-derechos-umanos","category-leyes","category-orgullo-lgbtq","category-politica","tag-portada","tag-todes","tag-transfeminismo","tag-visibilidad-trans"],"author_meta":{"display_name":"Revista Todes","author_link":"https:\/\/todes.com.mx\/?author=1"},"featured_img":"https:\/\/todes.com.mx\/wp-content\/uploads\/2024\/03\/20240306_194517-1-219x300.jpg","coauthors":[],"tax_additional":{"categories":{"linked":["<a href=\"https:\/\/todes.com.mx\/?cat=180\" class=\"advgb-post-tax-term\">Derechos Humanos<\/a>","<a href=\"https:\/\/todes.com.mx\/?cat=1\" class=\"advgb-post-tax-term\">Leyes<\/a>","<a href=\"https:\/\/todes.com.mx\/?cat=2\" class=\"advgb-post-tax-term\">Orgullo LGBT<\/a>","<a href=\"https:\/\/todes.com.mx\/?cat=241\" class=\"advgb-post-tax-term\">Pol\u00edtica<\/a>"],"unlinked":["<span class=\"advgb-post-tax-term\">Derechos Humanos<\/span>","<span class=\"advgb-post-tax-term\">Leyes<\/span>","<span class=\"advgb-post-tax-term\">Orgullo LGBT<\/span>","<span class=\"advgb-post-tax-term\">Pol\u00edtica<\/span>"]},"tags":{"linked":["<a href=\"https:\/\/todes.com.mx\/?cat=241\" class=\"advgb-post-tax-term\">portada<\/a>","<a href=\"https:\/\/todes.com.mx\/?cat=241\" class=\"advgb-post-tax-term\">Todes<\/a>","<a href=\"https:\/\/todes.com.mx\/?cat=241\" class=\"advgb-post-tax-term\">Transfeminismo<\/a>","<a href=\"https:\/\/todes.com.mx\/?cat=241\" class=\"advgb-post-tax-term\">Visibilidad Trans<\/a>"],"unlinked":["<span class=\"advgb-post-tax-term\">portada<\/span>","<span class=\"advgb-post-tax-term\">Todes<\/span>","<span class=\"advgb-post-tax-term\">Transfeminismo<\/span>","<span class=\"advgb-post-tax-term\">Visibilidad Trans<\/span>"]}},"comment_count":"0","relative_dates":{"created":"Publicado 2 a\u00f1os hace","modified":"Actualizado 2 a\u00f1os hace"},"absolute_dates":{"created":"Publicado el 6 de marzo de 2024","modified":"Actualizado el 6 de marzo de 2024"},"absolute_dates_time":{"created":"Publicado el 6 de marzo de 2024 19:52","modified":"Actualizado el 6 de marzo de 2024 19:52"},"featured_img_caption":"","series_order":"","amp_enabled":true,"_links":{"self":[{"href":"https:\/\/todes.com.mx\/index.php?rest_route=\/wp\/v2\/posts\/1591","targetHints":{"allow":["GET"]}}],"collection":[{"href":"https:\/\/todes.com.mx\/index.php?rest_route=\/wp\/v2\/posts"}],"about":[{"href":"https:\/\/todes.com.mx\/index.php?rest_route=\/wp\/v2\/types\/post"}],"author":[{"embeddable":true,"href":"https:\/\/todes.com.mx\/index.php?rest_route=\/wp\/v2\/users\/1"}],"replies":[{"embeddable":true,"href":"https:\/\/todes.com.mx\/index.php?rest_route=%2Fwp%2Fv2%2Fcomments&post=1591"}],"version-history":[{"count":1,"href":"https:\/\/todes.com.mx\/index.php?rest_route=\/wp\/v2\/posts\/1591\/revisions"}],"predecessor-version":[{"id":1593,"href":"https:\/\/todes.com.mx\/index.php?rest_route=\/wp\/v2\/posts\/1591\/revisions\/1593"}],"wp:featuredmedia":[{"embeddable":true,"href":"https:\/\/todes.com.mx\/index.php?rest_route=\/wp\/v2\/media\/1594"}],"wp:attachment":[{"href":"https:\/\/todes.com.mx\/index.php?rest_route=%2Fwp%2Fv2%2Fmedia&parent=1591"}],"wp:term":[{"taxonomy":"category","embeddable":true,"href":"https:\/\/todes.com.mx\/index.php?rest_route=%2Fwp%2Fv2%2Fcategories&post=1591"},{"taxonomy":"post_tag","embeddable":true,"href":"https:\/\/todes.com.mx\/index.php?rest_route=%2Fwp%2Fv2%2Ftags&post=1591"}],"curies":[{"name":"wp","href":"https:\/\/api.w.org\/{rel}","templated":true}]}}