{"id":1523,"date":"2024-01-15T10:38:05","date_gmt":"2024-01-15T16:38:05","guid":{"rendered":"https:\/\/todes.com.mx\/?p=1523"},"modified":"2024-01-15T10:38:06","modified_gmt":"2024-01-15T16:38:06","slug":"asesinan-a-la-activista-trans-samantha-gomez-fonseca","status":"publish","type":"post","link":"https:\/\/todes.com.mx\/?p=1523","title":{"rendered":"Asesinan a la Activista Trans Samantha G\u00f3mez Fonseca"},"content":{"rendered":"\n<p>La activista trans Samantha G\u00f3mez Fonseca, precandidata al Senado de la Rep\u00fablica por Morena, fue asesinada a balazos este domingo 14 de enero, al salir de una visita que hizo a un interno en el Reclusorio Preventivo Varonil Sur, en la alcald\u00eda Xochimilco, al sur de la Ciudad de M\u00e9xico.<\/p>\n\n\n\n<p>Horas antes del crimen, Samantha hab\u00eda lanzado un video en sus redes sociales para convocar a la Movilizaci\u00f3n por la Dignidad de las Mujeres Trans, con cita este lunes 15 de diciembre a las 14:30 horas afuera de las instalaciones del Senado de la Rep\u00fablica.<\/p>\n\n\n\n<p>Extraoficialmente se supo que Samantha G\u00f3me hab\u00eda recibido amenazas de muerte por parte de internos de la&nbsp;Zona Diamante&nbsp;del Centro Varonil de Reinserci\u00f3n Social, de Santa Martha Acatitla.<\/p>\n\n\n\n<p>Activistas LGBTIQ+ de toda la Rep\u00fablica Mexicana condenaron el transfeminicidio, exigieron a la Fiscal\u00eda de la CDMX que resuelva el caso y advirtieron que no descansar\u00e1n hasta que de esclarezca la verdad de los hechos.<\/p>\n\n\n\n<p>Oficiales de la Secretar\u00eda de Seguridad Ciudadana fueron informados v\u00eda radio de una persona lesionada y con manchas de sangre dentro de un veh\u00edculo color gris, en las calles Cuauht\u00e9moc y Del Trabajo, en la colonia Santiago Tepalcaltlapan, alcald\u00eda Xochimilco.<\/p>\n\n\n\n<p>El agente del Ministerio P\u00fablico dio intervenci\u00f3n a peritos y polic\u00edas de investigaci\u00f3n, quienes se encargaron de recabar indicios, identificar c\u00e1maras de videovigilancia y testigos; as\u00ed como levantar el cuerpo.<\/p>\n\n\n\n<p><em>L<\/em>a Fiscal\u00eda General de Justicia de la Ciudad de M\u00e9xico inform\u00f3 que investiga el casi bajo el protocolo de feminicidio.<\/p>\n\n\n\n<p>Samanrha G\u00f3mez Fonseca fue condecorada con la&nbsp;Medalla al M\u00e9rito de las y los Defensores de Derechos Humanos&nbsp;2022. Dedic\u00f3 su vida a la participaci\u00f3n pol\u00edtica de la poblaci\u00f3n LGBTIQ+ y a la defensa de los derechos de las personas privadas de su libertad.<\/p>\n","protected":false},"excerpt":{"rendered":"<p>La activista trans Samantha G\u00f3mez Fonseca, precandidata al Senado de la Rep\u00fablica por Morena, fue asesinada a balazos este domingo 14 de enero, al salir de una visita que hizo a un interno en el Reclusorio Preventivo Varonil Sur, en la alcald\u00eda Xochimilco, al sur de la Ciudad de M\u00e9xico. Horas antes del crimen, Samantha [&hellip;]<\/p>\n","protected":false},"author":1,"featured_media":1524,"comment_status":"open","ping_status":"open","sticky":false,"template":"","format":"standard","meta":{"advgb_blocks_editor_width":"","advgb_blocks_columns_visual_guide":"","footnotes":""},"categories":[255],"tags":[258,201,251,407],"class_list":["post-1523","post","type-post","status-publish","format-standard","has-post-thumbnail","hentry","category-crimenes-de-odio","tag-crimenes-de-odio","tag-portada","tag-transfobia","tag-visibilidad-trans"],"author_meta":{"display_name":"Revista Todes","author_link":"https:\/\/todes.com.mx\/?author=1"},"featured_img":"https:\/\/todes.com.mx\/wp-content\/uploads\/2024\/01\/20240115_102548-300x267.jpg","coauthors":[],"tax_additional":{"categories":{"linked":["<a href=\"https:\/\/todes.com.mx\/?cat=255\" class=\"advgb-post-tax-term\">Cr\u00edmenes de Odio<\/a>"],"unlinked":["<span class=\"advgb-post-tax-term\">Cr\u00edmenes de Odio<\/span>"]},"tags":{"linked":["<a href=\"https:\/\/todes.com.mx\/?cat=255\" class=\"advgb-post-tax-term\">Cr\u00edmenes de odio<\/a>","<a href=\"https:\/\/todes.com.mx\/?cat=255\" class=\"advgb-post-tax-term\">portada<\/a>","<a href=\"https:\/\/todes.com.mx\/?cat=255\" class=\"advgb-post-tax-term\">Transfobia<\/a>","<a href=\"https:\/\/todes.com.mx\/?cat=255\" class=\"advgb-post-tax-term\">Visibilidad Trans<\/a>"],"unlinked":["<span class=\"advgb-post-tax-term\">Cr\u00edmenes de odio<\/span>","<span class=\"advgb-post-tax-term\">portada<\/span>","<span class=\"advgb-post-tax-term\">Transfobia<\/span>","<span class=\"advgb-post-tax-term\">Visibilidad Trans<\/span>"]}},"comment_count":"0","relative_dates":{"created":"Publicado 2 a\u00f1os hace","modified":"Actualizado 2 a\u00f1os hace"},"absolute_dates":{"created":"Publicado el 15 de enero de 2024","modified":"Actualizado el 15 de enero de 2024"},"absolute_dates_time":{"created":"Publicado el 15 de enero de 2024 10:38","modified":"Actualizado el 15 de enero de 2024 10:38"},"featured_img_caption":"","series_order":"","amp_enabled":true,"_links":{"self":[{"href":"https:\/\/todes.com.mx\/index.php?rest_route=\/wp\/v2\/posts\/1523","targetHints":{"allow":["GET"]}}],"collection":[{"href":"https:\/\/todes.com.mx\/index.php?rest_route=\/wp\/v2\/posts"}],"about":[{"href":"https:\/\/todes.com.mx\/index.php?rest_route=\/wp\/v2\/types\/post"}],"author":[{"embeddable":true,"href":"https:\/\/todes.com.mx\/index.php?rest_route=\/wp\/v2\/users\/1"}],"replies":[{"embeddable":true,"href":"https:\/\/todes.com.mx\/index.php?rest_route=%2Fwp%2Fv2%2Fcomments&post=1523"}],"version-history":[{"count":1,"href":"https:\/\/todes.com.mx\/index.php?rest_route=\/wp\/v2\/posts\/1523\/revisions"}],"predecessor-version":[{"id":1525,"href":"https:\/\/todes.com.mx\/index.php?rest_route=\/wp\/v2\/posts\/1523\/revisions\/1525"}],"wp:featuredmedia":[{"embeddable":true,"href":"https:\/\/todes.com.mx\/index.php?rest_route=\/wp\/v2\/media\/1524"}],"wp:attachment":[{"href":"https:\/\/todes.com.mx\/index.php?rest_route=%2Fwp%2Fv2%2Fmedia&parent=1523"}],"wp:term":[{"taxonomy":"category","embeddable":true,"href":"https:\/\/todes.com.mx\/index.php?rest_route=%2Fwp%2Fv2%2Fcategories&post=1523"},{"taxonomy":"post_tag","embeddable":true,"href":"https:\/\/todes.com.mx\/index.php?rest_route=%2Fwp%2Fv2%2Ftags&post=1523"}],"curies":[{"name":"wp","href":"https:\/\/api.w.org\/{rel}","templated":true}]}}