{"id":1473,"date":"2023-11-24T18:05:37","date_gmt":"2023-11-25T00:05:37","guid":{"rendered":"https:\/\/todes.com.mx\/?p=1473"},"modified":"2023-11-24T18:05:38","modified_gmt":"2023-11-25T00:05:38","slug":"colosio-se-disculpa-por-agresion-policiaca-contra-pareja-lesbica-en-monterrey","status":"publish","type":"post","link":"https:\/\/todes.com.mx\/?p=1473","title":{"rendered":"Colosio se Disculpa por Agresi\u00f3n Polic\u00edaca contra Pareja L\u00e9sbica en Monterrey"},"content":{"rendered":"\n<p>Una pareja de lesbianas, conformada por Karen y Andrea, fueron sometidas y golpeadas por polic\u00edas de Monterrey durante un operativo de alcoholimetr\u00eda en la zona de bares, cuando se dispon\u00edan a llamar a sus familiares para avisar que una de ellas estar\u00eda detenida.<\/p>\n\n\n\n<p>El alcalde regio Luis Donaldo Colosio Riojas ofreci\u00f3 una disculpa p\u00fablica a la pareja de mujeres lesbianas que fue agredida por los polic\u00edas municipales y orden\u00f3 la suspensi\u00f3n de los responsables.<\/p>\n\n\n\n<p>A trav\u00e9s de un video en redes sociales,&nbsp; la cantante y escritora Karen Lucio revel\u00f3 que ella y su pareja Andrea fueron agredidas por la polic\u00eda de Monterrey la madrugada del domingo 19 de noviembre, tras ser detenidas en un ret\u00e9n en el que una de ellas dio positivo.<\/p>\n\n\n\n<p>Los polic\u00edas comenzaron a jalonear a Andrea&nbsp; mientras Karen trat\u00f3 de ponerse en medio para amortiguar la agresi\u00f3n; pero seis uniformados terminaron por someter a ambas, entre pu\u00f1etazos y patadas en la cara, en las costillas y el resto del cuerpo.<\/p>\n\n\n\n<p>Adem\u00e1s, los elementos polic\u00edacos de burlaron de Karen dici\u00e9ndole que parec\u00eda hombre. La pareja l\u00e9sbica y un testigo lograron capturar im\u00e1genes de las agresiones pero los polic\u00edas les quitaron los celulares para borrar las evidencias.<\/p>\n\n\n\n<p>A trav\u00e9s de un video difundido en sus redes sociales, el alcalde de Monterrey, Luis Donaldo Colosio, reprob\u00f3 el uso de la fuerza polic\u00edaca en contra de las v\u00edctimas y dio la orden de que los agentes sean suspendidos y se les inicie un proceso ante la Comisi\u00f3n de Honor y Justicia.<\/p>\n\n\n\n<p>Indic\u00f3 que recabar\u00e1n todas las evidencias posibles, empezando por las grabaciones de las c\u00e1maras corporales de los oficiales involucrados; y advirti\u00f3 que si los agentes apagaron sus c\u00e1maras, la sanci\u00f3n ser\u00e1 mayor, ya que as\u00ed lo marca la ley.<\/p>\n","protected":false},"excerpt":{"rendered":"<p>Una pareja de lesbianas, conformada por Karen y Andrea, fueron sometidas y golpeadas por polic\u00edas de Monterrey durante un operativo de alcoholimetr\u00eda en la zona de bares, cuando se dispon\u00edan a llamar a sus familiares para avisar que una de ellas estar\u00eda detenida. El alcalde regio Luis Donaldo Colosio Riojas ofreci\u00f3 una disculpa p\u00fablica a [&hellip;]<\/p>\n","protected":false},"author":1,"featured_media":1474,"comment_status":"open","ping_status":"open","sticky":false,"template":"","format":"standard","meta":{"advgb_blocks_editor_width":"","advgb_blocks_columns_visual_guide":"","footnotes":""},"categories":[180,1],"tags":[256,257,201,202],"class_list":["post-1473","post","type-post","status-publish","format-standard","has-post-thumbnail","hentry","category-derechos-umanos","category-leyes","tag-homofobia","tag-lesbofobia","tag-portada","tag-todes"],"author_meta":{"display_name":"Revista Todes","author_link":"https:\/\/todes.com.mx\/?author=1"},"featured_img":"https:\/\/todes.com.mx\/wp-content\/uploads\/2023\/11\/Screenshot_20231124_165009_Instagram-244x300.jpg","coauthors":[],"tax_additional":{"categories":{"linked":["<a href=\"https:\/\/todes.com.mx\/?cat=180\" class=\"advgb-post-tax-term\">Derechos Humanos<\/a>","<a href=\"https:\/\/todes.com.mx\/?cat=1\" class=\"advgb-post-tax-term\">Leyes<\/a>"],"unlinked":["<span class=\"advgb-post-tax-term\">Derechos Humanos<\/span>","<span class=\"advgb-post-tax-term\">Leyes<\/span>"]},"tags":{"linked":["<a href=\"https:\/\/todes.com.mx\/?cat=1\" class=\"advgb-post-tax-term\">Homofobia<\/a>","<a href=\"https:\/\/todes.com.mx\/?cat=1\" class=\"advgb-post-tax-term\">lesbofobia<\/a>","<a href=\"https:\/\/todes.com.mx\/?cat=1\" class=\"advgb-post-tax-term\">portada<\/a>","<a href=\"https:\/\/todes.com.mx\/?cat=1\" class=\"advgb-post-tax-term\">Todes<\/a>"],"unlinked":["<span class=\"advgb-post-tax-term\">Homofobia<\/span>","<span class=\"advgb-post-tax-term\">lesbofobia<\/span>","<span class=\"advgb-post-tax-term\">portada<\/span>","<span class=\"advgb-post-tax-term\">Todes<\/span>"]}},"comment_count":"0","relative_dates":{"created":"Publicado 2 a\u00f1os hace","modified":"Actualizado 2 a\u00f1os hace"},"absolute_dates":{"created":"Publicado el 24 de noviembre de 2023","modified":"Actualizado el 24 de noviembre de 2023"},"absolute_dates_time":{"created":"Publicado el 24 de noviembre de 2023 18:05","modified":"Actualizado el 24 de noviembre de 2023 18:05"},"featured_img_caption":"","series_order":"","amp_enabled":true,"_links":{"self":[{"href":"https:\/\/todes.com.mx\/index.php?rest_route=\/wp\/v2\/posts\/1473","targetHints":{"allow":["GET"]}}],"collection":[{"href":"https:\/\/todes.com.mx\/index.php?rest_route=\/wp\/v2\/posts"}],"about":[{"href":"https:\/\/todes.com.mx\/index.php?rest_route=\/wp\/v2\/types\/post"}],"author":[{"embeddable":true,"href":"https:\/\/todes.com.mx\/index.php?rest_route=\/wp\/v2\/users\/1"}],"replies":[{"embeddable":true,"href":"https:\/\/todes.com.mx\/index.php?rest_route=%2Fwp%2Fv2%2Fcomments&post=1473"}],"version-history":[{"count":2,"href":"https:\/\/todes.com.mx\/index.php?rest_route=\/wp\/v2\/posts\/1473\/revisions"}],"predecessor-version":[{"id":1476,"href":"https:\/\/todes.com.mx\/index.php?rest_route=\/wp\/v2\/posts\/1473\/revisions\/1476"}],"wp:featuredmedia":[{"embeddable":true,"href":"https:\/\/todes.com.mx\/index.php?rest_route=\/wp\/v2\/media\/1474"}],"wp:attachment":[{"href":"https:\/\/todes.com.mx\/index.php?rest_route=%2Fwp%2Fv2%2Fmedia&parent=1473"}],"wp:term":[{"taxonomy":"category","embeddable":true,"href":"https:\/\/todes.com.mx\/index.php?rest_route=%2Fwp%2Fv2%2Fcategories&post=1473"},{"taxonomy":"post_tag","embeddable":true,"href":"https:\/\/todes.com.mx\/index.php?rest_route=%2Fwp%2Fv2%2Ftags&post=1473"}],"curies":[{"name":"wp","href":"https:\/\/api.w.org\/{rel}","templated":true}]}}