{"id":1453,"date":"2023-11-15T14:54:33","date_gmt":"2023-11-15T20:54:33","guid":{"rendered":"https:\/\/todes.com.mx\/?p=1453"},"modified":"2023-11-15T14:54:34","modified_gmt":"2023-11-15T20:54:34","slug":"frenar-discursos-de-odio-el-clamor-tras-el-crimen-de-le-magistrade","status":"publish","type":"post","link":"https:\/\/todes.com.mx\/?p=1453","title":{"rendered":"<strong>Frenar Discursos de Odio, el Clamor tras el Crimen de le Magistrade<\/strong>"},"content":{"rendered":"\n<p>Familiares de Ociel Baena rechazaron la versi\u00f3n de la Fiscal\u00eda de Aguascalientes de que le magistrade habr\u00eda sido asesinade por su pareja Dorian Herrera con navajas de afeitar, quien luego se habr\u00eda suicidado; por lo que exigieron justicia y que limpien sus nombres, ya que se quer\u00edan mucho y eran personas muy tranquilas y pac\u00edficas.<\/p>\n\n\n\n<p>Al un\u00edsono de \u00abCrimen pasional, mentira nacional\u00bb, colectivos y activistas LGBTIQ+ de todo el pa\u00eds demandaron que la Fiscal\u00eda General de la Rep\u00fablica (FGR) atraiga el caso y que realicen una investigaci\u00f3n exhaustiva sobre los hechos.<\/p>\n\n\n\n<p>En tanto, la diputada federal por Aguascalientes Salma Lu\u00e9vano responsabiliz\u00f3 a la senadora del Partido del Trabajo (PT) Martha M\u00e1rquez Alvarado de promover discursos de odio y una persecuci\u00f3n pol\u00edtica en contra de le magistrade electoral, quien recibi\u00f3 m\u00faltiples amenazas de muerte en los \u00faltimos meses.<\/p>\n\n\n\n<p>\u201cNo voy a permitir que sigas con esa alma envenenada hacia nuestra poblaci\u00f3n; ya basta de esos discursos de odio que nos est\u00e1n matando, tenemos que ponerle un alto. Por eso no descansar\u00e9 hasta que se haga justicia porque t\u00fa eres la principal sospechosa, t\u00fa eres quien lo ha estado se\u00f1alando, quien lo ha estado persiguiendo\u201d, advirti\u00f3 la diputada trans.<\/p>\n\n\n\n<p>Le magistrade Ociel Baena interpuso ante el consejo local del Instituto Nacional Electoral una queja contra Martha M\u00e1rquez Alvarado por violencia contra las personas LGBTQI+, as\u00ed como una queja ante la Comisi\u00f3n Estatal de Derechos Humanos.&nbsp;La senadora M\u00e1rquez abandon\u00f3 las filas PAN para&nbsp;incorporarse al PT y ahora se ha declarado seguidora de la aspirante presidencial de Morena, Claudia Sheinbaum.<\/p>\n\n\n\n<p>Durante el homenaje p\u00f3stumo realizado a ambas v\u00edctimas en las instalaciones del Tribunal Electoral de Aguascalientes, Juan Baena, padre de Jes\u00fas Ociel, pidi\u00f3 que no se permita que el crimen de su hijo quede estancado y agreg\u00f3 que la versi\u00f3n de la fiscal\u00eda estatal es una \u201cfalta a la inteligencia\u201d.<\/p>\n\n\n\n<p>\u00abNo es cierto lo que ellos est\u00e1n manejando, y ser\u00eda una verg\u00fcenza dejar a esa justicia que emita un juicio que no es correcto y que la mayor\u00eda no lo cree. Ojal\u00e1 un d\u00eda mi hijo, en donde est\u00e9, vea que los resultados de su lucha no fueron en balde\u201d, declar\u00f3.<\/p>\n\n\n\n<p>Durante los servicios funerarios, Cynthia Baena Saucedo, hermana de le magistrade, asegur\u00f3 que la familia no tiene ning\u00fan contacto con la fiscal\u00eda de Aguascalientes, tach\u00f3 la informaci\u00f3n como una mentira y exigi\u00f3 limpiar el nombre Jes\u00fas Ociel y de Dorian Daniel.<\/p>\n\n\n\n<p>\u00abExigimos justicia, que limpien su nombre, porque es falso todo lo que est\u00e1n diciendo&#8230; Son mentiras que se hubieran lesionado entre ellos, eran personas muy tranquilas, muy pac\u00edficas, se quer\u00edan mucho, no ten\u00edan maldad. Incluso fueron a Oaxaca felices, contentos, hablamos el domingo en la noche, cuando iban llegando al aeropuerto, estaban contentos los dos\u201d, dijo entre l\u00e1grimas.<\/p>\n","protected":false},"excerpt":{"rendered":"<p>Familiares de Ociel Baena rechazaron la versi\u00f3n de la Fiscal\u00eda de Aguascalientes de que le magistrade habr\u00eda sido asesinade por su pareja Dorian Herrera con navajas de afeitar, quien luego se habr\u00eda suicidado; por lo que exigieron justicia y que limpien sus nombres, ya que se quer\u00edan mucho y eran personas muy tranquilas y pac\u00edficas. [&hellip;]<\/p>\n","protected":false},"author":1,"featured_media":1454,"comment_status":"open","ping_status":"open","sticky":false,"template":"","format":"standard","meta":{"advgb_blocks_editor_width":"","advgb_blocks_columns_visual_guide":"","footnotes":""},"categories":[255,180],"tags":[258,256,327,372,405,201,202,251],"class_list":["post-1453","post","type-post","status-publish","format-standard","has-post-thumbnail","hentry","category-crimenes-de-odio","category-derechos-umanos","tag-crimenes-de-odio","tag-homofobia","tag-no-binarie","tag-no-binario","tag-orgullo-no-binario","tag-portada","tag-todes","tag-transfobia"],"author_meta":{"display_name":"Revista Todes","author_link":"https:\/\/todes.com.mx\/?author=1"},"featured_img":"https:\/\/todes.com.mx\/wp-content\/uploads\/2023\/11\/Screenshot_20231115_131043_Facebook-297x300.jpg","coauthors":[],"tax_additional":{"categories":{"linked":["<a href=\"https:\/\/todes.com.mx\/?cat=255\" class=\"advgb-post-tax-term\">Cr\u00edmenes de Odio<\/a>","<a href=\"https:\/\/todes.com.mx\/?cat=180\" class=\"advgb-post-tax-term\">Derechos Humanos<\/a>"],"unlinked":["<span class=\"advgb-post-tax-term\">Cr\u00edmenes de Odio<\/span>","<span class=\"advgb-post-tax-term\">Derechos Humanos<\/span>"]},"tags":{"linked":["<a href=\"https:\/\/todes.com.mx\/?cat=180\" class=\"advgb-post-tax-term\">Cr\u00edmenes de odio<\/a>","<a href=\"https:\/\/todes.com.mx\/?cat=180\" class=\"advgb-post-tax-term\">Homofobia<\/a>","<a href=\"https:\/\/todes.com.mx\/?cat=180\" class=\"advgb-post-tax-term\">No binarie<\/a>","<a href=\"https:\/\/todes.com.mx\/?cat=180\" class=\"advgb-post-tax-term\">No binario<\/a>","<a href=\"https:\/\/todes.com.mx\/?cat=180\" class=\"advgb-post-tax-term\">orgullo no binario<\/a>","<a href=\"https:\/\/todes.com.mx\/?cat=180\" class=\"advgb-post-tax-term\">portada<\/a>","<a href=\"https:\/\/todes.com.mx\/?cat=180\" class=\"advgb-post-tax-term\">Todes<\/a>","<a href=\"https:\/\/todes.com.mx\/?cat=180\" class=\"advgb-post-tax-term\">Transfobia<\/a>"],"unlinked":["<span class=\"advgb-post-tax-term\">Cr\u00edmenes de odio<\/span>","<span class=\"advgb-post-tax-term\">Homofobia<\/span>","<span class=\"advgb-post-tax-term\">No binarie<\/span>","<span class=\"advgb-post-tax-term\">No binario<\/span>","<span class=\"advgb-post-tax-term\">orgullo no binario<\/span>","<span class=\"advgb-post-tax-term\">portada<\/span>","<span class=\"advgb-post-tax-term\">Todes<\/span>","<span class=\"advgb-post-tax-term\">Transfobia<\/span>"]}},"comment_count":"0","relative_dates":{"created":"Publicado 2 a\u00f1os hace","modified":"Actualizado 2 a\u00f1os hace"},"absolute_dates":{"created":"Publicado el 15 de noviembre de 2023","modified":"Actualizado el 15 de noviembre de 2023"},"absolute_dates_time":{"created":"Publicado el 15 de noviembre de 2023 14:54","modified":"Actualizado el 15 de noviembre de 2023 14:54"},"featured_img_caption":"","series_order":"","amp_enabled":true,"_links":{"self":[{"href":"https:\/\/todes.com.mx\/index.php?rest_route=\/wp\/v2\/posts\/1453","targetHints":{"allow":["GET"]}}],"collection":[{"href":"https:\/\/todes.com.mx\/index.php?rest_route=\/wp\/v2\/posts"}],"about":[{"href":"https:\/\/todes.com.mx\/index.php?rest_route=\/wp\/v2\/types\/post"}],"author":[{"embeddable":true,"href":"https:\/\/todes.com.mx\/index.php?rest_route=\/wp\/v2\/users\/1"}],"replies":[{"embeddable":true,"href":"https:\/\/todes.com.mx\/index.php?rest_route=%2Fwp%2Fv2%2Fcomments&post=1453"}],"version-history":[{"count":1,"href":"https:\/\/todes.com.mx\/index.php?rest_route=\/wp\/v2\/posts\/1453\/revisions"}],"predecessor-version":[{"id":1455,"href":"https:\/\/todes.com.mx\/index.php?rest_route=\/wp\/v2\/posts\/1453\/revisions\/1455"}],"wp:featuredmedia":[{"embeddable":true,"href":"https:\/\/todes.com.mx\/index.php?rest_route=\/wp\/v2\/media\/1454"}],"wp:attachment":[{"href":"https:\/\/todes.com.mx\/index.php?rest_route=%2Fwp%2Fv2%2Fmedia&parent=1453"}],"wp:term":[{"taxonomy":"category","embeddable":true,"href":"https:\/\/todes.com.mx\/index.php?rest_route=%2Fwp%2Fv2%2Fcategories&post=1453"},{"taxonomy":"post_tag","embeddable":true,"href":"https:\/\/todes.com.mx\/index.php?rest_route=%2Fwp%2Fv2%2Ftags&post=1453"}],"curies":[{"name":"wp","href":"https:\/\/api.w.org\/{rel}","templated":true}]}}