{"id":1340,"date":"2023-09-14T23:57:17","date_gmt":"2023-09-15T04:57:17","guid":{"rendered":"https:\/\/todes.com.mx\/?p=1340"},"modified":"2023-09-14T23:57:18","modified_gmt":"2023-09-15T04:57:18","slug":"transmisogonia-en-la-cineteca-nacional","status":"publish","type":"post","link":"https:\/\/todes.com.mx\/?p=1340","title":{"rendered":"TransMisogonia en la Cineteca Nacional"},"content":{"rendered":"\n<p>Emblem\u00e1tica por sus ciclos de cine LGBT+ y la proyecci\u00f3n de filmes de tem\u00e1tica trans, la Cineteca Nacional&nbsp;fue escenario de un&nbsp;acto transmis\u00f3gino en contra de una&nbsp;mujer&nbsp;trans, luego de que elementos polic\u00edacos la sacaron a golpes por utilizar el ba\u00f1o de mujeres.<\/p>\n\n\n\n<p>Por ello, la&nbsp; v\u00edctima convoc\u00f3 a una concentraci\u00f3n de protesta \u00abTianguis Trans4Trans\u00bb, que se llevar\u00e1 a cabo este s\u00e1bado 16 de septiembre a las 15 horas, en las instalaciones de la Cineteca Nacional donde ocurri\u00f3 el ataque de transodio, en Av. M\u00e9xico Coyoac\u00e1n no. 389, col. Xoco, alcald\u00eda Benito Ju\u00e1rez,&nbsp; en la CDMX.<\/p>\n\n\n\n<p>Identificada en redes sociales como&nbsp;@transyfugas&nbsp;o \u201cChica con pistola\u201d, la joven trans agraviada denunci\u00f3 el pasado martes 12 de septiembre que&nbsp;guardias de seguridad&nbsp;de la Cineteca Nacional la obligaron a retirarse del&nbsp;ba\u00f1o de mujeres&nbsp;e, incluso, le patearon una de las puertas cuando se encontraba al interior.<\/p>\n\n\n\n<p>Advirti\u00f3 que desde las y los polic\u00edas hasta personal de la taquilla, pasando por los directivos, se refirieron a ella todo el tiempo con pronombres masculinos.<\/p>\n\n\n\n<p>Adem\u00e1s, revel\u00f3 que la denuncia en redes sociales desat\u00f3 la transfobia de hordas de neonazis que la han estado acosando, hasta lograr la suspensi\u00f3n de su cuenta de instagram, que llevaba 3 a\u00f1os rescatando la memoria de las mujeres trans sobrevivientes.<\/p>\n\n\n\n<p>\u00abFormo parte de una generaci\u00f3n de mujeres trans que empieza a empujar los l\u00edmites de esta realidad faCISta, supremacista&#8230; Soy una mujer brillante que sabe la biologia no es una ciencia ahist\u00f3rica, apolitica que nos vende el neonazismo; y que la heterosexualidad no es una orientaci\u00f3n sexual sino un r\u00e9gimen pol\u00edtico totalitario fundado por Occidente e importado en la Colonizacion\u00bb, enfatiz\u00f3.<\/p>\n\n\n\n<p>Despu\u00e9s de que se hiciera p\u00fablica la denuncia y se viralizara redes sociales, la&nbsp;Cineteca&nbsp;Nacional reprob\u00f3 el acto transf\u00f3bico, ofreci\u00f3 una disculpa a la v\u00edctima y aclar\u00f3 que dentro de los principios de su normativa interna destacan la no discriminaci\u00f3n y la promoci\u00f3n de espacios libres de cualquier tipo de violencia y de exclusi\u00f3n.<\/p>\n\n\n\n<p>Asimismo, se comprometi\u00f3 a trabajar en la&nbsp;sensibilizaci\u00f3n&nbsp;del personal que trabaja en el lugar, en conjunto con el Consejo Nacional para Prevenir la Discriminaci\u00f3n (Conapred), el Consejo para Prevenir y Eliminar la Discriminaci\u00f3n de la Ciudad de M\u00e9xico (Copred), con el fin de garantizar espacios libres de violencia y discriminaci\u00f3n.<\/p>\n\n\n\n<p><\/p>\n","protected":false},"excerpt":{"rendered":"<p>Emblem\u00e1tica por sus ciclos de cine LGBT+ y la proyecci\u00f3n de filmes de tem\u00e1tica trans, la Cineteca Nacional&nbsp;fue escenario de un&nbsp;acto transmis\u00f3gino en contra de una&nbsp;mujer&nbsp;trans, luego de que elementos polic\u00edacos la sacaron a golpes por utilizar el ba\u00f1o de mujeres. Por ello, la&nbsp; v\u00edctima convoc\u00f3 a una concentraci\u00f3n de protesta \u00abTianguis Trans4Trans\u00bb, que se [&hellip;]<\/p>\n","protected":false},"author":1,"featured_media":1341,"comment_status":"open","ping_status":"open","sticky":false,"template":"","format":"standard","meta":{"advgb_blocks_editor_width":"","advgb_blocks_columns_visual_guide":"","footnotes":""},"categories":[180],"tags":[418,201,202,315,427,251,407],"class_list":["post-1340","post","type-post","status-publish","format-standard","has-post-thumbnail","hentry","category-derechos-umanos","tag-orgullo-trans","tag-portada","tag-todes","tag-trans","tag-transfeminismo","tag-transfobia","tag-visibilidad-trans"],"author_meta":{"display_name":"Revista Todes","author_link":"https:\/\/todes.com.mx\/?author=1"},"featured_img":"https:\/\/todes.com.mx\/wp-content\/uploads\/2023\/09\/20230914_225024-235x300.jpg","coauthors":[],"tax_additional":{"categories":{"linked":["<a href=\"https:\/\/todes.com.mx\/?cat=180\" class=\"advgb-post-tax-term\">Derechos Humanos<\/a>"],"unlinked":["<span class=\"advgb-post-tax-term\">Derechos Humanos<\/span>"]},"tags":{"linked":["<a href=\"https:\/\/todes.com.mx\/?cat=180\" class=\"advgb-post-tax-term\">Orgullo Trans<\/a>","<a href=\"https:\/\/todes.com.mx\/?cat=180\" class=\"advgb-post-tax-term\">portada<\/a>","<a href=\"https:\/\/todes.com.mx\/?cat=180\" class=\"advgb-post-tax-term\">Todes<\/a>","<a href=\"https:\/\/todes.com.mx\/?cat=180\" class=\"advgb-post-tax-term\">Trans<\/a>","<a href=\"https:\/\/todes.com.mx\/?cat=180\" class=\"advgb-post-tax-term\">Transfeminismo<\/a>","<a href=\"https:\/\/todes.com.mx\/?cat=180\" class=\"advgb-post-tax-term\">Transfobia<\/a>","<a href=\"https:\/\/todes.com.mx\/?cat=180\" class=\"advgb-post-tax-term\">Visibilidad Trans<\/a>"],"unlinked":["<span class=\"advgb-post-tax-term\">Orgullo Trans<\/span>","<span class=\"advgb-post-tax-term\">portada<\/span>","<span class=\"advgb-post-tax-term\">Todes<\/span>","<span class=\"advgb-post-tax-term\">Trans<\/span>","<span class=\"advgb-post-tax-term\">Transfeminismo<\/span>","<span class=\"advgb-post-tax-term\">Transfobia<\/span>","<span class=\"advgb-post-tax-term\">Visibilidad Trans<\/span>"]}},"comment_count":"0","relative_dates":{"created":"Publicado 3 a\u00f1os hace","modified":"Actualizado 3 a\u00f1os hace"},"absolute_dates":{"created":"Publicado el 14 de septiembre de 2023","modified":"Actualizado el 14 de septiembre de 2023"},"absolute_dates_time":{"created":"Publicado el 14 de septiembre de 2023 23:57","modified":"Actualizado el 14 de septiembre de 2023 23:57"},"featured_img_caption":"","series_order":"","amp_enabled":true,"_links":{"self":[{"href":"https:\/\/todes.com.mx\/index.php?rest_route=\/wp\/v2\/posts\/1340","targetHints":{"allow":["GET"]}}],"collection":[{"href":"https:\/\/todes.com.mx\/index.php?rest_route=\/wp\/v2\/posts"}],"about":[{"href":"https:\/\/todes.com.mx\/index.php?rest_route=\/wp\/v2\/types\/post"}],"author":[{"embeddable":true,"href":"https:\/\/todes.com.mx\/index.php?rest_route=\/wp\/v2\/users\/1"}],"replies":[{"embeddable":true,"href":"https:\/\/todes.com.mx\/index.php?rest_route=%2Fwp%2Fv2%2Fcomments&post=1340"}],"version-history":[{"count":2,"href":"https:\/\/todes.com.mx\/index.php?rest_route=\/wp\/v2\/posts\/1340\/revisions"}],"predecessor-version":[{"id":1343,"href":"https:\/\/todes.com.mx\/index.php?rest_route=\/wp\/v2\/posts\/1340\/revisions\/1343"}],"wp:featuredmedia":[{"embeddable":true,"href":"https:\/\/todes.com.mx\/index.php?rest_route=\/wp\/v2\/media\/1341"}],"wp:attachment":[{"href":"https:\/\/todes.com.mx\/index.php?rest_route=%2Fwp%2Fv2%2Fmedia&parent=1340"}],"wp:term":[{"taxonomy":"category","embeddable":true,"href":"https:\/\/todes.com.mx\/index.php?rest_route=%2Fwp%2Fv2%2Fcategories&post=1340"},{"taxonomy":"post_tag","embeddable":true,"href":"https:\/\/todes.com.mx\/index.php?rest_route=%2Fwp%2Fv2%2Ftags&post=1340"}],"curies":[{"name":"wp","href":"https:\/\/api.w.org\/{rel}","templated":true}]}}