{"id":1336,"date":"2023-09-14T21:12:14","date_gmt":"2023-09-15T02:12:14","guid":{"rendered":"https:\/\/todes.com.mx\/?p=1336"},"modified":"2023-09-14T21:12:15","modified_gmt":"2023-09-15T02:12:15","slug":"muere-activista-trans-oaxaquena-lupita-xiu-en-busca-de-justicia","status":"publish","type":"post","link":"https:\/\/todes.com.mx\/?p=1336","title":{"rendered":"Muere Activista Trans Oaxaque\u00f1a Lupita Xiu en Busca de Justicia"},"content":{"rendered":"\n<p>La activista transg\u00e9nero oaxaque\u00f1a Guadalupe Xiu muri\u00f3 el pasado domingo 10 de septiembre y sus restos fueron llevados como protesta frente a la Secretar\u00eda de Gobernaci\u00f3n el 13 de septiembre, donde tambi\u00e9n le ofrecieron una misa para pedir su eterno descanso, tras a\u00f1os de discriminaci\u00f3n, exclusi\u00f3n y violencia en su contra.<\/p>\n\n\n\n<p>Organizaciones LGBTIQ+ y activistas de todo el pa\u00eds lamentaron su fallecimiento y reconocieron su lucha para exigir justicia, en un contexto en el que las mujeres trans son el grupo de la poblaci\u00f3n m\u00e1s discriminado y M\u00e9xico es el segundo pa\u00eds con mayor \u00edndice de transfemicidios en Am\u00e9rica Latina.<\/p>\n\n\n\n<p>Durante tres a\u00f1os, Lupita Xiu se hab\u00eda manifestado frente a la Secretar\u00eda de Gobernaci\u00f3n para exigir justicia y seguridad, ya que hab\u00eda sido v\u00edctima de tortura y desaparici\u00f3n forzada por parte del gobierno oaxaque\u00f1o, tras permanecer 6 a\u00f1os en prisi\u00f3n.<\/p>\n\n\n\n<p>En enero de 2020, la activista trans intent\u00f3 colgarse de un \u00e1rbol en su desesperaci\u00f3n por no ser atendida en la Secretar\u00eda de Gobernaci\u00f3n, donde intentaba denunciar que en el Consejo Nacional para Prevenir la Discriminaci\u00f3n (Conapred) hab\u00edan perdido el expediente de su queja por haber sido encarcelada por un delito que no cometi\u00f3.<\/p>\n\n\n\n<p>En todo ese tiempo estuvo solicitando ayuda para obtener el reconocimiento legal de su identidad de g\u00e9nero, pero nunca le hicieron caso, hasta que muri\u00f3.<\/p>\n\n\n\n<p>En la protesta de cuerpo presente frente a la Secretar\u00eda de Gobernaci\u00f3n,&nbsp; el f\u00e9retro de Lupita Xiu fue puesto sobre la calle Abraham Gonz\u00e1lez en la colonia Ju\u00e1rez de la CDMX, donde tambi\u00e9n se realiz\u00f3 una misa junto con sus seres queridos. El sepelio se realiz\u00f3 en el Pante\u00f3n Civil San Lorenzo Tezonco, ubicado en la alcald\u00eda Iztapalapa.<\/p>\n\n\n\n<p>Guadalupe Xiu<strong>,<\/strong>&nbsp;mejor conocida como\u00bbLupilla\u00bb fue una mujer ind\u00edgena, originaria del estado de&nbsp;Oaxaca. El 30 de abril de 2019 lleg\u00f3 a la&nbsp;Ciudad de M\u00e9xico&nbsp;luego de haber sido encarcelada durante 5 a\u00f1os en una prisi\u00f3n oaxaque\u00f1a, debido a temas pol\u00edticos, donde estuvo incomunicada por seis meses.<\/p>\n\n\n\n<p>Al salir de la c\u00e1rcel, Guadalupe sufri\u00f3 una agresi\u00f3n que la orill\u00f3&nbsp;a venirse a laCDMXen busca de protecci\u00f3n y refugio; pero solo fue enviada a un albergue y luego encarcelada de nueva cuenta por un delito que no cometi\u00f3.<\/p>\n\n\n\n<p>Resulta que ella iba caminando hacia el lugar en el que viv\u00eda cuando se detuvo a descansar afuera de una casa que ten\u00eda la puerta abierta. Alguien se rob\u00f3 una bicicleta y la responsabilizaron a ella.&nbsp;<\/p>\n\n\n\n<p>Adem\u00e1s de encarcelarla&nbsp;por un acto que no cometi\u00f3, Lupita fue recluida en una centro varonil, donde denunci\u00f3 haber sido v\u00edctima de&nbsp;abuso sexual.&nbsp;A pesar de que inform\u00f3 que ella se identificaba como mujer, las autoridades le&nbsp;violentaron su derecho a la identidad&nbsp;y aunque lo denunci\u00f3 en varias ocasiones, \u00fanicamente recibi\u00f3 omisi\u00f3n por parte de las autoridades.<\/p>\n","protected":false},"excerpt":{"rendered":"<p>La activista transg\u00e9nero oaxaque\u00f1a Guadalupe Xiu muri\u00f3 el pasado domingo 10 de septiembre y sus restos fueron llevados como protesta frente a la Secretar\u00eda de Gobernaci\u00f3n el 13 de septiembre, donde tambi\u00e9n le ofrecieron una misa para pedir su eterno descanso, tras a\u00f1os de discriminaci\u00f3n, exclusi\u00f3n y violencia en su contra. Organizaciones LGBTIQ+ y activistas [&hellip;]<\/p>\n","protected":false},"author":1,"featured_media":1337,"comment_status":"open","ping_status":"open","sticky":false,"template":"","format":"standard","meta":{"advgb_blocks_editor_width":"","advgb_blocks_columns_visual_guide":"","footnotes":""},"categories":[180],"tags":[418,201,315,247,294,248,251],"class_list":["post-1336","post","type-post","status-publish","format-standard","has-post-thumbnail","hentry","category-derechos-umanos","tag-orgullo-trans","tag-portada","tag-trans","tag-trans-e-indigena-mixteca","tag-transfeminicidio","tag-transfobi","tag-transfobia"],"author_meta":{"display_name":"Revista Todes","author_link":"https:\/\/todes.com.mx\/?author=1"},"featured_img":"https:\/\/todes.com.mx\/wp-content\/uploads\/2023\/09\/Screenshot_20230914_200327_X-300x168.jpg","coauthors":[],"tax_additional":{"categories":{"linked":["<a href=\"https:\/\/todes.com.mx\/?cat=180\" class=\"advgb-post-tax-term\">Derechos Humanos<\/a>"],"unlinked":["<span class=\"advgb-post-tax-term\">Derechos Humanos<\/span>"]},"tags":{"linked":["<a href=\"https:\/\/todes.com.mx\/?cat=180\" class=\"advgb-post-tax-term\">Orgullo Trans<\/a>","<a href=\"https:\/\/todes.com.mx\/?cat=180\" class=\"advgb-post-tax-term\">portada<\/a>","<a href=\"https:\/\/todes.com.mx\/?cat=180\" class=\"advgb-post-tax-term\">Trans<\/a>","<a href=\"https:\/\/todes.com.mx\/?cat=180\" class=\"advgb-post-tax-term\">trans e ind\u00edgena mixteca<\/a>","<a href=\"https:\/\/todes.com.mx\/?cat=180\" class=\"advgb-post-tax-term\">Transfeminicidio<\/a>","<a href=\"https:\/\/todes.com.mx\/?cat=180\" class=\"advgb-post-tax-term\">Transfobi<\/a>","<a href=\"https:\/\/todes.com.mx\/?cat=180\" class=\"advgb-post-tax-term\">Transfobia<\/a>"],"unlinked":["<span class=\"advgb-post-tax-term\">Orgullo Trans<\/span>","<span class=\"advgb-post-tax-term\">portada<\/span>","<span class=\"advgb-post-tax-term\">Trans<\/span>","<span class=\"advgb-post-tax-term\">trans e ind\u00edgena mixteca<\/span>","<span class=\"advgb-post-tax-term\">Transfeminicidio<\/span>","<span class=\"advgb-post-tax-term\">Transfobi<\/span>","<span class=\"advgb-post-tax-term\">Transfobia<\/span>"]}},"comment_count":"0","relative_dates":{"created":"Publicado 3 a\u00f1os hace","modified":"Actualizado 3 a\u00f1os hace"},"absolute_dates":{"created":"Publicado el 14 de septiembre de 2023","modified":"Actualizado el 14 de septiembre de 2023"},"absolute_dates_time":{"created":"Publicado el 14 de septiembre de 2023 21:12","modified":"Actualizado el 14 de septiembre de 2023 21:12"},"featured_img_caption":"","series_order":"","amp_enabled":true,"_links":{"self":[{"href":"https:\/\/todes.com.mx\/index.php?rest_route=\/wp\/v2\/posts\/1336","targetHints":{"allow":["GET"]}}],"collection":[{"href":"https:\/\/todes.com.mx\/index.php?rest_route=\/wp\/v2\/posts"}],"about":[{"href":"https:\/\/todes.com.mx\/index.php?rest_route=\/wp\/v2\/types\/post"}],"author":[{"embeddable":true,"href":"https:\/\/todes.com.mx\/index.php?rest_route=\/wp\/v2\/users\/1"}],"replies":[{"embeddable":true,"href":"https:\/\/todes.com.mx\/index.php?rest_route=%2Fwp%2Fv2%2Fcomments&post=1336"}],"version-history":[{"count":2,"href":"https:\/\/todes.com.mx\/index.php?rest_route=\/wp\/v2\/posts\/1336\/revisions"}],"predecessor-version":[{"id":1339,"href":"https:\/\/todes.com.mx\/index.php?rest_route=\/wp\/v2\/posts\/1336\/revisions\/1339"}],"wp:featuredmedia":[{"embeddable":true,"href":"https:\/\/todes.com.mx\/index.php?rest_route=\/wp\/v2\/media\/1337"}],"wp:attachment":[{"href":"https:\/\/todes.com.mx\/index.php?rest_route=%2Fwp%2Fv2%2Fmedia&parent=1336"}],"wp:term":[{"taxonomy":"category","embeddable":true,"href":"https:\/\/todes.com.mx\/index.php?rest_route=%2Fwp%2Fv2%2Fcategories&post=1336"},{"taxonomy":"post_tag","embeddable":true,"href":"https:\/\/todes.com.mx\/index.php?rest_route=%2Fwp%2Fv2%2Ftags&post=1336"}],"curies":[{"name":"wp","href":"https:\/\/api.w.org\/{rel}","templated":true}]}}