{"id":1284,"date":"2023-08-14T03:03:24","date_gmt":"2023-08-14T08:03:24","guid":{"rendered":"https:\/\/todes.com.mx\/?p=1284"},"modified":"2023-08-14T03:03:25","modified_gmt":"2023-08-14T08:03:25","slug":"wendy-guevara-visibilidad-trans-en-la-tv-abierta-mexicana","status":"publish","type":"post","link":"https:\/\/todes.com.mx\/?p=1284","title":{"rendered":"<strong>Wendy Guevara: Visibilidad Trans en la TV Abierta Mexicana<\/strong>"},"content":{"rendered":"\n<p>La influencer Wendy Guevara se consagr\u00f3 este domingo 13 de agosto como la ganadora indiscutible de \u00abLa Casa de los Famosos\u00bb, con lo cual se convirti\u00f3 en la primera persona trans en ganar un reality show en la televisi\u00f3n abierta mexicana y visibilizar una identidad transg\u00e9nero durante 71 d\u00edas consecutivos de encierro.<\/p>\n\n\n\n<p>Con 18 millones de votos, Wendy se hizo acreedora a un premio de 4 millones de pesos, m\u00e1s una bonificaci\u00f3n de 400 mil pesos otorgados por Mercado Pago; y consigui\u00f3 elevar el rating de Televisa, lo que hace muchos a\u00f1os no lograba con ninguno de sus programas.<\/p>\n\n\n\n<p>Originaria de Guanajuato y con 30 a\u00f1os de edad, la influencer transg\u00e9nero dijo que utilizar\u00e1 el dinero del premio para brindar una vida c\u00f3moda a su familia, ya que en su ni\u00f1ez vivi\u00f3 carencias econ\u00f3micas y diversos episodios de violencia f\u00edsica y sexual.<\/p>\n\n\n\n<p>Aunque los finalistas del llamado \u00abTeam Infierno\u00bb (Sergio Mayer, Poncho de Nigris, Nicola Porcella, Emilio Osorio y Wendy) hab\u00edan planeado dividirse el premio, ganara quien ganara, la conductora Galilea Montijo les advirti\u00f3 que no ser\u00eda posible porque esa medida no est\u00e1 permitida en el reality.<\/p>\n\n\n\n<p>Cientos de personas LGBTIQ+, as\u00ed como familias y aliadxs, se reunieron en la legendaria calle de Amberes, en la Zona Rosa, para mirar la transmisi\u00f3n de la final de \u00abLa Casa de los Famosos\u00bb, echar porras a Wendy y celebrar su triunfo, festejo que se prolong\u00f3 hasta entrada la madrugada en el \u00c1ngel de la Independencia.<\/p>\n\n\n\n<p>Wendy Guevara salt\u00f3 a la fama en el a\u00f1o 2017, cuando se viraliz\u00f3 un video en el que apareci\u00f3 con su amiga Paola Su\u00e1rez, conocidas como \u00abLas Perdidas\u00bb, con el que empez\u00f3 a llamar la atenci\u00f3n del p\u00fablico por su carisma y ocurrencias.<\/p>\n\n\n\n<p>En junio pasado, Wendy fue convocada por Televisa a formar parte de \u00abLa Casa de los Famosos\u00bb\u00bb, aunque los medios tradicionales no ten\u00edan mucha esperanza en ella debido a que hab\u00eda gente m\u00e1s famosa en el reality.<\/p>\n\n\n\n<p>Sin embargo, con el paso de los d\u00edas, qued\u00f3 claro que la influencer trans era la mayor generadora de contenidos de la emisi\u00f3n y la que consegu\u00eda mas alcances e interacciones en redes sociales, como Twitter, TikTok, YouTube, Instagram y Facebook.<\/p>\n\n\n\n<p>Ahora, despu\u00e9s de 71 d\u00edas de encierro, la integrante de \u2018Las Perdidas\u2019 se qued\u00f3 con otro reconocimiento importante: el de ser la primera mujer trans en ganar un reality en nuestro pa\u00eds, visibilizar su identidad trans y ganarse el cari\u00f1o del p\u00fablico,&nbsp; incluido el de infantes y adultos mayores.<\/p>\n","protected":false},"excerpt":{"rendered":"<p>La influencer Wendy Guevara se consagr\u00f3 este domingo 13 de agosto como la ganadora indiscutible de \u00abLa Casa de los Famosos\u00bb, con lo cual se convirti\u00f3 en la primera persona trans en ganar un reality show en la televisi\u00f3n abierta mexicana y visibilizar una identidad transg\u00e9nero durante 71 d\u00edas consecutivos de encierro. Con 18 millones [&hellip;]<\/p>\n","protected":false},"author":1,"featured_media":1285,"comment_status":"open","ping_status":"open","sticky":false,"template":"","format":"standard","meta":{"advgb_blocks_editor_width":"","advgb_blocks_columns_visual_guide":"","footnotes":""},"categories":[187,240,2],"tags":[418,201,202,315,156,407],"class_list":["post-1284","post","type-post","status-publish","format-standard","has-post-thumbnail","hentry","category-cine-series-y-tv","category-entretenimiento","category-orgullo-lgbtq","tag-orgullo-trans","tag-portada","tag-todes","tag-trans","tag-tv","tag-visibilidad-trans"],"author_meta":{"display_name":"Revista Todes","author_link":"https:\/\/todes.com.mx\/?author=1"},"featured_img":"https:\/\/todes.com.mx\/wp-content\/uploads\/2023\/08\/Screenshot_20230814_014803_X-243x300.jpg","coauthors":[],"tax_additional":{"categories":{"linked":["<a href=\"https:\/\/todes.com.mx\/?cat=187\" class=\"advgb-post-tax-term\">Cine, Series y TV<\/a>","<a href=\"https:\/\/todes.com.mx\/?cat=240\" class=\"advgb-post-tax-term\">Entretenimiento<\/a>","<a href=\"https:\/\/todes.com.mx\/?cat=2\" class=\"advgb-post-tax-term\">Orgullo LGBT<\/a>"],"unlinked":["<span class=\"advgb-post-tax-term\">Cine, Series y TV<\/span>","<span class=\"advgb-post-tax-term\">Entretenimiento<\/span>","<span class=\"advgb-post-tax-term\">Orgullo LGBT<\/span>"]},"tags":{"linked":["<a href=\"https:\/\/todes.com.mx\/?cat=2\" class=\"advgb-post-tax-term\">Orgullo Trans<\/a>","<a href=\"https:\/\/todes.com.mx\/?cat=2\" class=\"advgb-post-tax-term\">portada<\/a>","<a href=\"https:\/\/todes.com.mx\/?cat=2\" class=\"advgb-post-tax-term\">Todes<\/a>","<a href=\"https:\/\/todes.com.mx\/?cat=2\" class=\"advgb-post-tax-term\">Trans<\/a>","<a href=\"https:\/\/todes.com.mx\/?cat=2\" class=\"advgb-post-tax-term\">TV<\/a>","<a href=\"https:\/\/todes.com.mx\/?cat=2\" class=\"advgb-post-tax-term\">Visibilidad Trans<\/a>"],"unlinked":["<span class=\"advgb-post-tax-term\">Orgullo Trans<\/span>","<span class=\"advgb-post-tax-term\">portada<\/span>","<span class=\"advgb-post-tax-term\">Todes<\/span>","<span class=\"advgb-post-tax-term\">Trans<\/span>","<span class=\"advgb-post-tax-term\">TV<\/span>","<span class=\"advgb-post-tax-term\">Visibilidad Trans<\/span>"]}},"comment_count":"0","relative_dates":{"created":"Publicado 3 a\u00f1os hace","modified":"Actualizado 3 a\u00f1os hace"},"absolute_dates":{"created":"Publicado el 14 de agosto de 2023","modified":"Actualizado el 14 de agosto de 2023"},"absolute_dates_time":{"created":"Publicado el 14 de agosto de 2023 03:03","modified":"Actualizado el 14 de agosto de 2023 03:03"},"featured_img_caption":"","series_order":"","amp_enabled":true,"_links":{"self":[{"href":"https:\/\/todes.com.mx\/index.php?rest_route=\/wp\/v2\/posts\/1284","targetHints":{"allow":["GET"]}}],"collection":[{"href":"https:\/\/todes.com.mx\/index.php?rest_route=\/wp\/v2\/posts"}],"about":[{"href":"https:\/\/todes.com.mx\/index.php?rest_route=\/wp\/v2\/types\/post"}],"author":[{"embeddable":true,"href":"https:\/\/todes.com.mx\/index.php?rest_route=\/wp\/v2\/users\/1"}],"replies":[{"embeddable":true,"href":"https:\/\/todes.com.mx\/index.php?rest_route=%2Fwp%2Fv2%2Fcomments&post=1284"}],"version-history":[{"count":1,"href":"https:\/\/todes.com.mx\/index.php?rest_route=\/wp\/v2\/posts\/1284\/revisions"}],"predecessor-version":[{"id":1286,"href":"https:\/\/todes.com.mx\/index.php?rest_route=\/wp\/v2\/posts\/1284\/revisions\/1286"}],"wp:featuredmedia":[{"embeddable":true,"href":"https:\/\/todes.com.mx\/index.php?rest_route=\/wp\/v2\/media\/1285"}],"wp:attachment":[{"href":"https:\/\/todes.com.mx\/index.php?rest_route=%2Fwp%2Fv2%2Fmedia&parent=1284"}],"wp:term":[{"taxonomy":"category","embeddable":true,"href":"https:\/\/todes.com.mx\/index.php?rest_route=%2Fwp%2Fv2%2Fcategories&post=1284"},{"taxonomy":"post_tag","embeddable":true,"href":"https:\/\/todes.com.mx\/index.php?rest_route=%2Fwp%2Fv2%2Ftags&post=1284"}],"curies":[{"name":"wp","href":"https:\/\/api.w.org\/{rel}","templated":true}]}}