{"id":1219,"date":"2023-07-12T23:53:28","date_gmt":"2023-07-13T04:53:28","guid":{"rendered":"https:\/\/todes.com.mx\/?p=1219"},"modified":"2023-07-12T23:53:29","modified_gmt":"2023-07-13T04:53:29","slug":"20-anos-del-festival-internacional-de-cabaret","status":"publish","type":"post","link":"https:\/\/todes.com.mx\/?p=1219","title":{"rendered":"<strong>20 A\u00f1os Del Festival Internacional de Cabaret<\/strong>"},"content":{"rendered":"\n<p>Del 3 al 26 de agosto las ciudades de M\u00e9xico, Oaxaca y Tijuana se pondr\u00e1n de manteles largos para celebrar el 20 Aniversario del Festival Internacional de Cabaret,&nbsp; en la que participar\u00e1n m\u00e1s de 40 artistas y compa\u00f1\u00edas mexicanas y extranjeras.<\/p>\n\n\n\n<p>Organizado por Las Reinas Chulas, la vig\u00e9sima edici\u00f3n del festival ser\u00e1 toda una fiesta cabaretera de disidencia, transgresi\u00f3n y diversidad, que incluye espect\u00e1culos pagados y de entrada libre, as\u00ed como tertulias, talleres y clases gratuitas abiertas al p\u00fablico en general bajo el nombre de Festi Acad\u00e9mico.<\/p>\n\n\n\n<p>Fue en 2003 cuando un grupo de j\u00f3venes artistas del teatro cabaret decidieron reunir sus propuestas humor\u00edsticas y cr\u00edticas en un evento que hoy cumple a\u00f1os, tras dos d\u00e9cadas en las que ha pasado de todo: sexenios panistas, pri\u00edstas y morenistas; una pandemia, marchas LGBT y de mujeres, muchos sismos, legalizaci\u00f3n del aborto y \u00a1hasta una mexicana lleg\u00f3 al espacio!<\/p>\n\n\n\n<p>Bajo el lema <em>\u201cTe escucha, lo dice, te ves\u201d, <\/em>el Festival Internacional de Cabaret<br>llega a su 20 edici\u00f3n gracias a m\u00faltiples artistas con coraz\u00f3n de cabaret que han hecho lo antes impensable: presentarse en recintos que antes no programar\u00edan nunca al \u201cg\u00e9nero menor\u201d, como instancias gubernamentales y teatros privados.<\/p>\n\n\n\n<p>Sedes: Teatro Bar El Vicio (CDMX), Teatro Esperanza Iris (CDMX), Foro A Poco No (CDMX), Centro Cultural Tijuana (Baja California), la Antigua Bodega de Papel (Tijuana), la Red de FAROS (CDMX), Estaci\u00f3n Morelos (Oaxaca), Foro La Locomotora (Oaxaca) y los Centros Culturales Espa\u00f1a, Jos\u00e9 Mart\u00ed, El Rule, La Pir\u00e1mide y Xavier Villaurrutia (CDMX).<\/p>\n\n\n\n<p><strong>Para m\u00e1s informaci\u00f3n sobre espect\u00e1culos, sedes, artistas y precios visita la p\u00e1gina web <\/strong><strong>www.festivaldecabaret.com <\/strong><strong>y sus redes sociales:<\/strong><br><strong>Facebook: \/FestivalCabaret<\/strong><br><strong>Instagram y Twitter: @FestivalCabaret<\/strong><\/p>\n","protected":false},"excerpt":{"rendered":"<p>Del 3 al 26 de agosto las ciudades de M\u00e9xico, Oaxaca y Tijuana se pondr\u00e1n de manteles largos para celebrar el 20 Aniversario del Festival Internacional de Cabaret,&nbsp; en la que participar\u00e1n m\u00e1s de 40 artistas y compa\u00f1\u00edas mexicanas y extranjeras. Organizado por Las Reinas Chulas, la vig\u00e9sima edici\u00f3n del festival ser\u00e1 toda una fiesta [&hellip;]<\/p>\n","protected":false},"author":1,"featured_media":1220,"comment_status":"open","ping_status":"open","sticky":false,"template":"","format":"standard","meta":{"advgb_blocks_editor_width":"","advgb_blocks_columns_visual_guide":"","footnotes":""},"categories":[4,240,2,262],"tags":[454,451,263,430,432,202],"class_list":["post-1219","post","type-post","status-publish","format-standard","has-post-thumbnail","hentry","category-arte-cultura","category-entretenimiento","category-orgullo-lgbtq","category-teatro","tag-cabaret","tag-cartelera-de-teatro","tag-teatro","tag-teatro-lgbt","tag-teatros-cdmx","tag-todes"],"author_meta":{"display_name":"Revista Todes","author_link":"https:\/\/todes.com.mx\/?author=1"},"featured_img":"https:\/\/todes.com.mx\/wp-content\/uploads\/2023\/07\/IMG-20230711-WA0038-286x300.jpg","coauthors":[],"tax_additional":{"categories":{"linked":["<a href=\"https:\/\/todes.com.mx\/?cat=4\" class=\"advgb-post-tax-term\">Arte y Cultura<\/a>","<a href=\"https:\/\/todes.com.mx\/?cat=240\" class=\"advgb-post-tax-term\">Entretenimiento<\/a>","<a href=\"https:\/\/todes.com.mx\/?cat=2\" class=\"advgb-post-tax-term\">Orgullo LGBT<\/a>","<a href=\"https:\/\/todes.com.mx\/?cat=262\" class=\"advgb-post-tax-term\">Teatro<\/a>"],"unlinked":["<span class=\"advgb-post-tax-term\">Arte y Cultura<\/span>","<span class=\"advgb-post-tax-term\">Entretenimiento<\/span>","<span class=\"advgb-post-tax-term\">Orgullo LGBT<\/span>","<span class=\"advgb-post-tax-term\">Teatro<\/span>"]},"tags":{"linked":["<a href=\"https:\/\/todes.com.mx\/?cat=262\" class=\"advgb-post-tax-term\">cabaret<\/a>","<a href=\"https:\/\/todes.com.mx\/?cat=262\" class=\"advgb-post-tax-term\">Cartelera de Teatro<\/a>","<a href=\"https:\/\/todes.com.mx\/?cat=262\" class=\"advgb-post-tax-term\">Teatro<\/a>","<a href=\"https:\/\/todes.com.mx\/?cat=262\" class=\"advgb-post-tax-term\">Teatro LGBT<\/a>","<a href=\"https:\/\/todes.com.mx\/?cat=262\" class=\"advgb-post-tax-term\">Teatros CDMX<\/a>","<a href=\"https:\/\/todes.com.mx\/?cat=262\" class=\"advgb-post-tax-term\">Todes<\/a>"],"unlinked":["<span class=\"advgb-post-tax-term\">cabaret<\/span>","<span class=\"advgb-post-tax-term\">Cartelera de Teatro<\/span>","<span class=\"advgb-post-tax-term\">Teatro<\/span>","<span class=\"advgb-post-tax-term\">Teatro LGBT<\/span>","<span class=\"advgb-post-tax-term\">Teatros CDMX<\/span>","<span class=\"advgb-post-tax-term\">Todes<\/span>"]}},"comment_count":"0","relative_dates":{"created":"Publicado 3 a\u00f1os hace","modified":"Actualizado 3 a\u00f1os hace"},"absolute_dates":{"created":"Publicado el 12 de julio de 2023","modified":"Actualizado el 12 de julio de 2023"},"absolute_dates_time":{"created":"Publicado el 12 de julio de 2023 23:53","modified":"Actualizado el 12 de julio de 2023 23:53"},"featured_img_caption":"","series_order":"","amp_enabled":true,"_links":{"self":[{"href":"https:\/\/todes.com.mx\/index.php?rest_route=\/wp\/v2\/posts\/1219","targetHints":{"allow":["GET"]}}],"collection":[{"href":"https:\/\/todes.com.mx\/index.php?rest_route=\/wp\/v2\/posts"}],"about":[{"href":"https:\/\/todes.com.mx\/index.php?rest_route=\/wp\/v2\/types\/post"}],"author":[{"embeddable":true,"href":"https:\/\/todes.com.mx\/index.php?rest_route=\/wp\/v2\/users\/1"}],"replies":[{"embeddable":true,"href":"https:\/\/todes.com.mx\/index.php?rest_route=%2Fwp%2Fv2%2Fcomments&post=1219"}],"version-history":[{"count":1,"href":"https:\/\/todes.com.mx\/index.php?rest_route=\/wp\/v2\/posts\/1219\/revisions"}],"predecessor-version":[{"id":1221,"href":"https:\/\/todes.com.mx\/index.php?rest_route=\/wp\/v2\/posts\/1219\/revisions\/1221"}],"wp:featuredmedia":[{"embeddable":true,"href":"https:\/\/todes.com.mx\/index.php?rest_route=\/wp\/v2\/media\/1220"}],"wp:attachment":[{"href":"https:\/\/todes.com.mx\/index.php?rest_route=%2Fwp%2Fv2%2Fmedia&parent=1219"}],"wp:term":[{"taxonomy":"category","embeddable":true,"href":"https:\/\/todes.com.mx\/index.php?rest_route=%2Fwp%2Fv2%2Fcategories&post=1219"},{"taxonomy":"post_tag","embeddable":true,"href":"https:\/\/todes.com.mx\/index.php?rest_route=%2Fwp%2Fv2%2Ftags&post=1219"}],"curies":[{"name":"wp","href":"https:\/\/api.w.org\/{rel}","templated":true}]}}