{"id":1149,"date":"2023-06-20T00:30:26","date_gmt":"2023-06-20T05:30:26","guid":{"rendered":"https:\/\/todes.com.mx\/?p=1149"},"modified":"2023-06-20T00:30:27","modified_gmt":"2023-06-20T05:30:27","slug":"tercera-marcha-lencha-exige-justicia-para-lesbofeminicidios","status":"publish","type":"post","link":"https:\/\/todes.com.mx\/?p=1149","title":{"rendered":"<strong>Tercera Marcha Lencha Exige Justicia para LesboFeminicidios<\/strong>"},"content":{"rendered":"\n<p><strong>Por DHyDS-PRD<\/strong><\/p>\n\n\n\n<h2 class=\"wp-block-heading\">Con la exigencia de que no queden impunes los responsables de los lesbofeminicidios de Isabel Herrera y Concepci\u00f3n Gonz\u00e1lez, ocurridos en marzo pasado en la alcald\u00eda Gustavo A. Madero de la Ciudad de M\u00e9xico, colectivas de mujeres diversas realizaron la Tercera Marcha Lencha.<\/h2>\n\n\n\n<p>Cientos de mujeres lesbianas, bisexuales, transg\u00e9nero y no binarias se reunieron el pasado s\u00e1bado 17 de junio en el \u00c1ngel de la Independencia para marchar rumbo al Monumento a la Revoluci\u00f3n, a fin de visibilizar sus demandas de justicia y erradicaci\u00f3n de la lesbofobia.<\/p>\n\n\n\n<p>Recordaron a mujeres lesbianas asesinadas en otros estados del pa\u00eds y rechazaron la invisibilizaci\u00f3n de las \u00ablenchitudes\u00bb; adem\u00e1s, subrayaron que la Tercera Marcha Lencha fue un poderoso llamado a la acci\u00f3n y un recordatorio de la importancia de la lucha por la igualdad y el respeto en todas sus formas.<\/p>\n\n\n\n<p>\u201cDurante a\u00f1os, durante siglos, durante milenios, nuestros cuerpos y nuestras existencias han resistido a todas la formas de violencia que el patriarcado y la heterosexualidad obligatoria hacen posibles, nunca nos han vencido, aqu\u00ed seguimos y cada vez somos m\u00e1s\u201d, declararon las asistentes poco antes de iniciar el recorrido.<\/p>\n\n\n\n<p>En un ambiente de festividad pero tambi\u00e9n de protesta por los cr\u00edmenes de odio que se cometen contra las mujeres diversas, el contingente lleg\u00f3 al Monumento a la Revoluci\u00f3n, en donde autoridades del Registro Civil instalaron un m\u00f3dulo para realizar matrimonios igualitarios entre las parejas que as\u00ed lo desearon.<\/p>\n\n\n\n<p>\u201cMarcha Lencha es un espacio autogestivo para que las morras y les morres lenchaes, lesbianaes, bisexualaes, pansexualaes, y s\u00e1ficaes tomemos el espacio p\u00fablico y de este modo, hagamos visibles nuestras exigencias y necesidades\u201d, se\u00f1al\u00f3 el comit\u00e9 organizador.<\/p>\n\n\n\n<p>Esta movilizaci\u00f3n se caracteriz\u00f3 por haber sido encabezada con una imponente bandera de color anaranjado y rosa, e inundada con decenas de carteles que dec\u00edan \u201c\u00a1Viva el amor entre morras!\u201d. La Tercera Marcha Lencha se llev\u00f3 a cabo una semana antes de la 45 Marcha del Orgullo LGBTTTI de la Ciudad de M\u00e9xico.<\/p>\n\n\n\n<p>De acuerdo con datos del INEGI, en M\u00e9xico, 489 mil 835 mujeres mayores de 15 a\u00f1os se identifican como lesbianas; y seg\u00fan cifras de la organizaci\u00f3n civil Letra S, en 2022, en todo el pa\u00eds se cometieron 11 lesbofeminicidios.<\/p>\n\n\n\n<p><\/p>\n","protected":false},"excerpt":{"rendered":"<p>Por DHyDS-PRD Con la exigencia de que no queden impunes los responsables de los lesbofeminicidios de Isabel Herrera y Concepci\u00f3n Gonz\u00e1lez, ocurridos en marzo pasado en la alcald\u00eda Gustavo A. Madero de la Ciudad de M\u00e9xico, colectivas de mujeres diversas realizaron la Tercera Marcha Lencha. Cientos de mujeres lesbianas, bisexuales, transg\u00e9nero y no binarias se [&hellip;]<\/p>\n","protected":false},"author":1,"featured_media":1150,"comment_status":"open","ping_status":"open","sticky":false,"template":"","format":"standard","meta":{"advgb_blocks_editor_width":"","advgb_blocks_columns_visual_guide":"","footnotes":""},"categories":[255,180,2],"tags":[258,257,422,456,233,201],"class_list":["post-1149","post","type-post","status-publish","format-standard","has-post-thumbnail","hentry","category-crimenes-de-odio","category-derechos-umanos","category-orgullo-lgbtq","tag-crimenes-de-odio","tag-lesbofobia","tag-marcha-del-orgullo","tag-marcha-lencha","tag-politica-y-marcha","tag-portada"],"author_meta":{"display_name":"Revista Todes","author_link":"https:\/\/todes.com.mx\/?author=1"},"featured_img":"https:\/\/todes.com.mx\/wp-content\/uploads\/2023\/06\/3a-Marcha-Lencha-225x300.jpg","coauthors":[],"tax_additional":{"categories":{"linked":["<a href=\"https:\/\/todes.com.mx\/?cat=255\" class=\"advgb-post-tax-term\">Cr\u00edmenes de Odio<\/a>","<a href=\"https:\/\/todes.com.mx\/?cat=180\" class=\"advgb-post-tax-term\">Derechos Humanos<\/a>","<a href=\"https:\/\/todes.com.mx\/?cat=2\" class=\"advgb-post-tax-term\">Orgullo LGBT<\/a>"],"unlinked":["<span class=\"advgb-post-tax-term\">Cr\u00edmenes de Odio<\/span>","<span class=\"advgb-post-tax-term\">Derechos Humanos<\/span>","<span class=\"advgb-post-tax-term\">Orgullo LGBT<\/span>"]},"tags":{"linked":["<a href=\"https:\/\/todes.com.mx\/?cat=2\" class=\"advgb-post-tax-term\">Cr\u00edmenes de odio<\/a>","<a href=\"https:\/\/todes.com.mx\/?cat=2\" class=\"advgb-post-tax-term\">lesbofobia<\/a>","<a href=\"https:\/\/todes.com.mx\/?cat=2\" class=\"advgb-post-tax-term\">marcha del orgullo<\/a>","<a href=\"https:\/\/todes.com.mx\/?cat=2\" class=\"advgb-post-tax-term\">marcha lencha<\/a>","<a href=\"https:\/\/todes.com.mx\/?cat=2\" class=\"advgb-post-tax-term\">Pol\u00edtica y MArcha<\/a>","<a href=\"https:\/\/todes.com.mx\/?cat=2\" class=\"advgb-post-tax-term\">portada<\/a>"],"unlinked":["<span class=\"advgb-post-tax-term\">Cr\u00edmenes de odio<\/span>","<span class=\"advgb-post-tax-term\">lesbofobia<\/span>","<span class=\"advgb-post-tax-term\">marcha del orgullo<\/span>","<span class=\"advgb-post-tax-term\">marcha lencha<\/span>","<span class=\"advgb-post-tax-term\">Pol\u00edtica y MArcha<\/span>","<span class=\"advgb-post-tax-term\">portada<\/span>"]}},"comment_count":"0","relative_dates":{"created":"Publicado 3 a\u00f1os hace","modified":"Actualizado 3 a\u00f1os hace"},"absolute_dates":{"created":"Publicado el 20 de junio de 2023","modified":"Actualizado el 20 de junio de 2023"},"absolute_dates_time":{"created":"Publicado el 20 de junio de 2023 00:30","modified":"Actualizado el 20 de junio de 2023 00:30"},"featured_img_caption":"","series_order":"","amp_enabled":true,"_links":{"self":[{"href":"https:\/\/todes.com.mx\/index.php?rest_route=\/wp\/v2\/posts\/1149","targetHints":{"allow":["GET"]}}],"collection":[{"href":"https:\/\/todes.com.mx\/index.php?rest_route=\/wp\/v2\/posts"}],"about":[{"href":"https:\/\/todes.com.mx\/index.php?rest_route=\/wp\/v2\/types\/post"}],"author":[{"embeddable":true,"href":"https:\/\/todes.com.mx\/index.php?rest_route=\/wp\/v2\/users\/1"}],"replies":[{"embeddable":true,"href":"https:\/\/todes.com.mx\/index.php?rest_route=%2Fwp%2Fv2%2Fcomments&post=1149"}],"version-history":[{"count":2,"href":"https:\/\/todes.com.mx\/index.php?rest_route=\/wp\/v2\/posts\/1149\/revisions"}],"predecessor-version":[{"id":1152,"href":"https:\/\/todes.com.mx\/index.php?rest_route=\/wp\/v2\/posts\/1149\/revisions\/1152"}],"wp:featuredmedia":[{"embeddable":true,"href":"https:\/\/todes.com.mx\/index.php?rest_route=\/wp\/v2\/media\/1150"}],"wp:attachment":[{"href":"https:\/\/todes.com.mx\/index.php?rest_route=%2Fwp%2Fv2%2Fmedia&parent=1149"}],"wp:term":[{"taxonomy":"category","embeddable":true,"href":"https:\/\/todes.com.mx\/index.php?rest_route=%2Fwp%2Fv2%2Fcategories&post=1149"},{"taxonomy":"post_tag","embeddable":true,"href":"https:\/\/todes.com.mx\/index.php?rest_route=%2Fwp%2Fv2%2Ftags&post=1149"}],"curies":[{"name":"wp","href":"https:\/\/api.w.org\/{rel}","templated":true}]}}