{"id":1098,"date":"2023-06-01T01:52:46","date_gmt":"2023-06-01T06:52:46","guid":{"rendered":"https:\/\/todes.com.mx\/?p=1098"},"modified":"2023-06-01T01:52:48","modified_gmt":"2023-06-01T06:52:48","slug":"30-anos-del-foco-heroica-lucha-del-teatro-independiente","status":"publish","type":"post","link":"https:\/\/todes.com.mx\/?p=1098","title":{"rendered":"<strong>30 A\u00f1os del FOCO: Heroica Lucha del Teatro Independiente<\/strong>"},"content":{"rendered":"\n<h2 class=\"wp-block-heading\">El Centro Cultural El FOCO celebr\u00f3 30 a\u00f1os de vida teatral, cultural y art\u00edstica en la ciudad de M\u00e9xico; un foro \u00edntimo e independiente, semillero de creatividad y talento, que ha jugado un papel fundamental en la visibilidad de la diversidad sexual y de g\u00e9nero en el teatro mexicano.<\/h2>\n\n\n\n<p>Este espacio fue fundado como El Foro de la Comedia por el cr\u00edtico y dramaturgo potosino Virgilio Ariel Rivera (1939-2009). Abri\u00f3 sus puertas el 31 de mayo de 1993 con la presentaci\u00f3n del primer actor H\u00e9ctor Bonilla y su mon\u00f3logo de Anton Chejov \u201cSobre el da\u00f1o que hace el tabaco\u201d. La placa de inauguraci\u00f3n fue develada por Manolo F\u00e1bregas, Silvia Pinal, Beatriz Aguirre y Jos\u00e9 Sole.<\/p>\n\n\n\n<p>Desde entonces, el FOCO ha representado una plataforma estrat\u00e9gica para artistas mexicanos j\u00f3venes, donde no hay cabida para la censura, solamente existe teatro profesional, abierto a todo tipo de manifestaciones. Su ubicaci\u00f3n es estrat\u00e9gica, ya que se encuentra en la calle de Tlacotalpan no. 16, colonia Roma, en la CDMX.<\/p>\n\n\n\n<p>A la develaci\u00f3n de placa del 30 aniversario, acudieron como padrino y madrinas la actriz mexicana Luisa Huertas, la actriz venezolana Teresa Selma y el dramaturgo Mario Iicachi, quienes subrayaron la lucha heroica que encabeza el FOCO en el teatro mexicano independiente.<\/p>\n\n\n\n<p>La celebraci\u00f3n fue engalanada con algunas escenas y los elencos de las obras que el FOCO mantiene vigentes en su cartelera: \u201cLas Perlas de la Virgen\u201d, \u201cT\u00f3xica\u201d, \u201cSe\u00f1oritas a Disgusto\u201d (de pr\u00f3ximo estreno), \u201cCal\u00edgula\u201d y Giro Negro. Estas dos \u00faltimas ya llegan a las mil representaciones cada una.<\/p>\n\n\n\n<p>\u201cEl FOCO es un lugar donde los sue\u00f1os se hacen realidad, donde el teatro cobra vida y sentido; para m\u00ed es mi casa, mi vida, mi ser, mi pareja, que me alimenta permanentemente, a la que le soy fiel, a la que mantengo, la que me motiva y comparte mis sue\u00f1os\u201d, dijo Wilfrido Momox, actor, docente y actual director del Centro Cultural El Foco.<\/p>\n\n\n\n<p>En sus primeros a\u00f1os El Foro de la Comedia fue administrado por el actor y productor Fred Rold\u00e1n (1959-2022) y luego por el actor, dramaturgo y productor teatral Alejandro Medina (1973-2020). A partir de 2008, administra ese espacio la compa\u00f1\u00eda teatral del \u00c1rbol, que preside Momox.<\/p>\n","protected":false},"excerpt":{"rendered":"<p>El Centro Cultural El FOCO celebr\u00f3 30 a\u00f1os de vida teatral, cultural y art\u00edstica en la ciudad de M\u00e9xico; un foro \u00edntimo e independiente, semillero de creatividad y talento, que ha jugado un papel fundamental en la visibilidad de la diversidad sexual y de g\u00e9nero en el teatro mexicano. Este espacio fue fundado como El [&hellip;]<\/p>\n","protected":false},"author":1,"featured_media":1099,"comment_status":"open","ping_status":"open","sticky":false,"template":"","format":"standard","meta":{"advgb_blocks_editor_width":"","advgb_blocks_columns_visual_guide":"","footnotes":""},"categories":[4,240,2,262],"tags":[451,201,430,432],"class_list":["post-1098","post","type-post","status-publish","format-standard","has-post-thumbnail","hentry","category-arte-cultura","category-entretenimiento","category-orgullo-lgbtq","category-teatro","tag-cartelera-de-teatro","tag-portada","tag-teatro-lgbt","tag-teatros-cdmx"],"author_meta":{"display_name":"Revista Todes","author_link":"https:\/\/todes.com.mx\/?author=1"},"featured_img":"https:\/\/todes.com.mx\/wp-content\/uploads\/2023\/06\/FOCO-30-anos-300x135.jpg","coauthors":[],"tax_additional":{"categories":{"linked":["<a href=\"https:\/\/todes.com.mx\/?cat=4\" class=\"advgb-post-tax-term\">Arte y Cultura<\/a>","<a href=\"https:\/\/todes.com.mx\/?cat=240\" class=\"advgb-post-tax-term\">Entretenimiento<\/a>","<a href=\"https:\/\/todes.com.mx\/?cat=2\" class=\"advgb-post-tax-term\">Orgullo LGBT<\/a>","<a href=\"https:\/\/todes.com.mx\/?cat=262\" class=\"advgb-post-tax-term\">Teatro<\/a>"],"unlinked":["<span class=\"advgb-post-tax-term\">Arte y Cultura<\/span>","<span class=\"advgb-post-tax-term\">Entretenimiento<\/span>","<span class=\"advgb-post-tax-term\">Orgullo LGBT<\/span>","<span class=\"advgb-post-tax-term\">Teatro<\/span>"]},"tags":{"linked":["<a href=\"https:\/\/todes.com.mx\/?cat=262\" class=\"advgb-post-tax-term\">Cartelera de Teatro<\/a>","<a href=\"https:\/\/todes.com.mx\/?cat=262\" class=\"advgb-post-tax-term\">portada<\/a>","<a href=\"https:\/\/todes.com.mx\/?cat=262\" class=\"advgb-post-tax-term\">Teatro LGBT<\/a>","<a href=\"https:\/\/todes.com.mx\/?cat=262\" class=\"advgb-post-tax-term\">Teatros CDMX<\/a>"],"unlinked":["<span class=\"advgb-post-tax-term\">Cartelera de Teatro<\/span>","<span class=\"advgb-post-tax-term\">portada<\/span>","<span class=\"advgb-post-tax-term\">Teatro LGBT<\/span>","<span class=\"advgb-post-tax-term\">Teatros CDMX<\/span>"]}},"comment_count":"0","relative_dates":{"created":"Publicado 3 a\u00f1os hace","modified":"Actualizado 3 a\u00f1os hace"},"absolute_dates":{"created":"Publicado el 1 de junio de 2023","modified":"Actualizado el 1 de junio de 2023"},"absolute_dates_time":{"created":"Publicado el 1 de junio de 2023 01:52","modified":"Actualizado el 1 de junio de 2023 01:52"},"featured_img_caption":"","series_order":"","amp_enabled":true,"_links":{"self":[{"href":"https:\/\/todes.com.mx\/index.php?rest_route=\/wp\/v2\/posts\/1098","targetHints":{"allow":["GET"]}}],"collection":[{"href":"https:\/\/todes.com.mx\/index.php?rest_route=\/wp\/v2\/posts"}],"about":[{"href":"https:\/\/todes.com.mx\/index.php?rest_route=\/wp\/v2\/types\/post"}],"author":[{"embeddable":true,"href":"https:\/\/todes.com.mx\/index.php?rest_route=\/wp\/v2\/users\/1"}],"replies":[{"embeddable":true,"href":"https:\/\/todes.com.mx\/index.php?rest_route=%2Fwp%2Fv2%2Fcomments&post=1098"}],"version-history":[{"count":2,"href":"https:\/\/todes.com.mx\/index.php?rest_route=\/wp\/v2\/posts\/1098\/revisions"}],"predecessor-version":[{"id":1101,"href":"https:\/\/todes.com.mx\/index.php?rest_route=\/wp\/v2\/posts\/1098\/revisions\/1101"}],"wp:featuredmedia":[{"embeddable":true,"href":"https:\/\/todes.com.mx\/index.php?rest_route=\/wp\/v2\/media\/1099"}],"wp:attachment":[{"href":"https:\/\/todes.com.mx\/index.php?rest_route=%2Fwp%2Fv2%2Fmedia&parent=1098"}],"wp:term":[{"taxonomy":"category","embeddable":true,"href":"https:\/\/todes.com.mx\/index.php?rest_route=%2Fwp%2Fv2%2Fcategories&post=1098"},{"taxonomy":"post_tag","embeddable":true,"href":"https:\/\/todes.com.mx\/index.php?rest_route=%2Fwp%2Fv2%2Ftags&post=1098"}],"curies":[{"name":"wp","href":"https:\/\/api.w.org\/{rel}","templated":true}]}}