{"id":1053,"date":"2023-05-17T13:16:36","date_gmt":"2023-05-17T18:16:36","guid":{"rendered":"https:\/\/todes.com.mx\/?p=1053"},"modified":"2023-05-17T13:16:38","modified_gmt":"2023-05-17T18:16:38","slug":"33-anos-de-lucha-contra-las-lgbtifobias","status":"publish","type":"post","link":"https:\/\/todes.com.mx\/?p=1053","title":{"rendered":"33 a\u00f1os de lucha contra las LGBTIfobias"},"content":{"rendered":"\n<p><strong>Por Antonio Medina Trejo *<\/strong><\/p>\n\n\n\n<p>A 33 a\u00f1os de que la Organizaci\u00f3n Mundial de la Salud (OMS) eliminara de sus cat\u00e1logos m\u00e9dicos a la homosexualidad como una enfermedad mental, persiste la idea en sectores antiderechos de que las personas LGBT padecen \u201cdisforia de g\u00e9nero\u201d y que se pueden \u201ccurar\u201d a trav\u00e9s de terapias de conversi\u00f3n, retiros espirituales, en el div\u00e1n de un psic\u00f3logo o encerr\u00e1ndolas en hospitales psiqui\u00e1tricos.<\/p>\n\n\n\n<p>Fue el 17 de mayo de 1990 cuando la OMS retir\u00f3 a la homosexualidad de su lista de enfermedades mentales, luego de que numerosos estudios cient\u00edficos coincidieran en que ser homosexual, lejos de implicar una patolog\u00eda, es una variante m\u00e1s de la sexualidad humana.<\/p>\n\n\n\n<p>La determinaci\u00f3n de la OMS tuvo como contexto la lucha que desde los a\u00f1os 60 dieron colectivos de homosexuales, lesbianas, bisexuales y personas trans en los Estados Unidos y algunos pa\u00edses occidentales en contra de la violencia ejercida en distintos \u00e1mbitos de convivencia social y en instituciones p\u00fablicas.<\/p>\n\n\n\n<p>A m\u00e1s de 30 a\u00f1os del anuncio de la OMS, los avances legislativos son notables: 37 pa\u00edses han aprobado el matrimonio igualitario y en 97 naciones existen leyes que reconocen la identidad de g\u00e9nero de las personas trans.<\/p>\n\n\n\n<p>No obstante, 70 pa\u00edses del mundo a\u00fan criminalizan la homosexualidad y 7 de ellos la castigan con la muerte. En torno a la transexualidad, 13 naciones la rechazan en sus leyes y prev\u00e9n la pena capital.<\/p>\n\n\n\n<p>En este lapso, el movimiento LGBTI+ ha sustentado su lucha en la hist\u00f3rica determinaci\u00f3n de la OMS y en la ratificaci\u00f3n hecha por la ONU 14 a\u00f1os despu\u00e9s, as\u00ed como en los Principios de Yogyakarta, entendidos como una serie de preceptos en materia de derechos internacional que obliga a los pa\u00edses miembros a generar leyes y pol\u00edticas p\u00fablicas encaminadas a proteger y reconocer la orientaci\u00f3n sexual y la identidad de g\u00e9nero de las personas.<\/p>\n\n\n\n<p>A pesar de esos buenos deseos y de los significativos avances, en la realidad social, persiste el estigma social y la discriminaci\u00f3n en la vida cotidiana; y, en casos extremos, se llega a los cr\u00edmenes de odio en contra de miembros de las poblaciones sexo-diversas.<\/p>\n\n\n\n<p>En M\u00e9xico se logr\u00f3 a finales de 2022 que todas las entidades federativas aprobaran el matrimonio igualitario. Tuvieron que pasar m\u00e1s de 12 a\u00f1os para que los 32 congresos locales entendieran que las personas LGBTI+ no deben ser excluidas de los derechos derivados de la uni\u00f3n civil. Hubo resistencias, tanto de partidos de derecha como de izquierda que develaron prejuicios culturales heredados de visiones retardatarias.<\/p>\n\n\n\n<p>Las consecuencias de esos prejuicios generan odio social contra las personas LGBTI+ que se materializa en exclusi\u00f3n laboral, en bullying escolar, violaci\u00f3n de derechos humanos en espacios de justicia y de salud, adem\u00e1s de violencia simb\u00f3lica en redes sociales y algunos medios de comunicaci\u00f3n.<\/p>\n\n\n\n<p>Todo ello es incentivado por discursos de l\u00edderes religiosos, pol\u00edticos o de activistas conservadores y antiderechos, que con su ignorancia y prejuicios legitiman el odio social en contra de las poblaciones de la diversidad sexual.<\/p>\n\n\n\n<p><strong>Datos y retos<\/strong><\/p>\n\n\n\n<p>Es por ello que la efem\u00e9ride del 17 de mayo es relevante para los colectivos LGBTI+, pues recuerda los motivos que tuvo la OMS para eliminar a la homosexualidad de su lista de enfermedades mentales e invita a celebrar con actos c\u00edvicos los logros obtenidos en materia de reconocimiento de derechos.<\/p>\n\n\n\n<p>Al mismo tiempo, es la oportunidad para denunciar la discriminaci\u00f3n o violencia en contra de 5.5 millones de personas que representa la diversidad sexual en M\u00e9xico, seg\u00fan el \u00faltimo censo del INEGI en 2021.<\/p>\n\n\n\n<p>De acuerdo con informaci\u00f3n de la organizaci\u00f3n civil Letra S, en los \u00faltimos cinco a\u00f1os han sido asesinadas 453 personas identificadas como LGBT: 92 en 2018; 117 en 2019; 79 en 2020; 78 en 2021 y 87 en 2022.<\/p>\n\n\n\n<p>Tan s\u00f3lo en el \u00faltimo a\u00f1o, en promedio, cada mes se han registrado siete cr\u00edmenes de odio por LGBTIfobia, pero si se toma en cuenta que existe un subregistro, el dato podr\u00eda llegar a las 200 v\u00edctimas en 2022.<\/p>\n\n\n\n<p>Otros focos rojos en las poblaciones de la diversidad sexual, sobre todo en los hombres que tienen sexo con hombres y en las personas que viven con VIH, son el desabasto de medicamentos antirretrovirales y la epidemia del Mpox que ya registra m\u00e1s de 4 mil casos y ha dejado cuando menos a 26 hombres gays sin vida, sin que el gobierno federal compre y aplique vacunas.<\/p>\n\n\n\n<p>Ante este panorama, hay un activismo minoritario, denunciante, independiente, cr\u00edtico y propositivo. Ese activismo es el que cuestiona a los comit\u00e9s organizadores de la Marcha del Orgullo de la Ciudad de M\u00e9xico que intentan venderla al partido en el poder o a l\u00edderes pol\u00edticos que anhelan hacer del movimiento LGBTI+ un asidero de clientelas para legitimar a la cuarta transformaci\u00f3n, y que a decir de activistas, ha reciclado logros del pasado sin verdaderamente hacer pol\u00edticas p\u00fablicas que den continuidad a los avances logrados hasta antes del 2018 para garantizar la progresividad de derechos en favor de las poblaciones de la diversidad sexual.<\/p>\n\n\n\n<p>* Activista pro derechos humanos y periodista independiente.<\/p>\n","protected":false},"excerpt":{"rendered":"<p>Por Antonio Medina Trejo * A 33 a\u00f1os de que la Organizaci\u00f3n Mundial de la Salud (OMS) eliminara de sus cat\u00e1logos m\u00e9dicos a la homosexualidad como una enfermedad mental, persiste la idea en sectores antiderechos de que las personas LGBT padecen \u201cdisforia de g\u00e9nero\u201d y que se pueden \u201ccurar\u201d a trav\u00e9s de terapias de conversi\u00f3n, [&hellip;]<\/p>\n","protected":false},"author":1,"featured_media":1054,"comment_status":"open","ping_status":"open","sticky":false,"template":"","format":"standard","meta":{"advgb_blocks_editor_width":"","advgb_blocks_columns_visual_guide":"","footnotes":""},"categories":[180,1,2,241],"tags":[258,256,445,201,202,251,284],"class_list":["post-1053","post","type-post","status-publish","format-standard","has-post-thumbnail","hentry","category-derechos-umanos","category-leyes","category-orgullo-lgbtq","category-politica","tag-crimenes-de-odio","tag-homofobia","tag-lgbtfobias","tag-portada","tag-todes","tag-transfobia","tag-vih"],"author_meta":{"display_name":"Revista Todes","author_link":"https:\/\/todes.com.mx\/?author=1"},"featured_img":"https:\/\/todes.com.mx\/wp-content\/uploads\/2023\/05\/17-de-Mayo-300x166.jpg","coauthors":[],"tax_additional":{"categories":{"linked":["<a href=\"https:\/\/todes.com.mx\/?cat=180\" class=\"advgb-post-tax-term\">Derechos Humanos<\/a>","<a href=\"https:\/\/todes.com.mx\/?cat=1\" class=\"advgb-post-tax-term\">Leyes<\/a>","<a href=\"https:\/\/todes.com.mx\/?cat=2\" class=\"advgb-post-tax-term\">Orgullo LGBT<\/a>","<a href=\"https:\/\/todes.com.mx\/?cat=241\" class=\"advgb-post-tax-term\">Pol\u00edtica<\/a>"],"unlinked":["<span class=\"advgb-post-tax-term\">Derechos Humanos<\/span>","<span class=\"advgb-post-tax-term\">Leyes<\/span>","<span class=\"advgb-post-tax-term\">Orgullo LGBT<\/span>","<span class=\"advgb-post-tax-term\">Pol\u00edtica<\/span>"]},"tags":{"linked":["<a href=\"https:\/\/todes.com.mx\/?cat=241\" class=\"advgb-post-tax-term\">Cr\u00edmenes de odio<\/a>","<a href=\"https:\/\/todes.com.mx\/?cat=241\" class=\"advgb-post-tax-term\">Homofobia<\/a>","<a href=\"https:\/\/todes.com.mx\/?cat=241\" class=\"advgb-post-tax-term\">LGBTfobias<\/a>","<a href=\"https:\/\/todes.com.mx\/?cat=241\" class=\"advgb-post-tax-term\">portada<\/a>","<a href=\"https:\/\/todes.com.mx\/?cat=241\" class=\"advgb-post-tax-term\">Todes<\/a>","<a href=\"https:\/\/todes.com.mx\/?cat=241\" class=\"advgb-post-tax-term\">Transfobia<\/a>","<a href=\"https:\/\/todes.com.mx\/?cat=241\" class=\"advgb-post-tax-term\">VIH<\/a>"],"unlinked":["<span class=\"advgb-post-tax-term\">Cr\u00edmenes de odio<\/span>","<span class=\"advgb-post-tax-term\">Homofobia<\/span>","<span class=\"advgb-post-tax-term\">LGBTfobias<\/span>","<span class=\"advgb-post-tax-term\">portada<\/span>","<span class=\"advgb-post-tax-term\">Todes<\/span>","<span class=\"advgb-post-tax-term\">Transfobia<\/span>","<span class=\"advgb-post-tax-term\">VIH<\/span>"]}},"comment_count":"0","relative_dates":{"created":"Publicado 3 a\u00f1os hace","modified":"Actualizado 3 a\u00f1os hace"},"absolute_dates":{"created":"Publicado el 17 de mayo de 2023","modified":"Actualizado el 17 de mayo de 2023"},"absolute_dates_time":{"created":"Publicado el 17 de mayo de 2023 13:16","modified":"Actualizado el 17 de mayo de 2023 13:16"},"featured_img_caption":"","series_order":"","amp_enabled":true,"_links":{"self":[{"href":"https:\/\/todes.com.mx\/index.php?rest_route=\/wp\/v2\/posts\/1053","targetHints":{"allow":["GET"]}}],"collection":[{"href":"https:\/\/todes.com.mx\/index.php?rest_route=\/wp\/v2\/posts"}],"about":[{"href":"https:\/\/todes.com.mx\/index.php?rest_route=\/wp\/v2\/types\/post"}],"author":[{"embeddable":true,"href":"https:\/\/todes.com.mx\/index.php?rest_route=\/wp\/v2\/users\/1"}],"replies":[{"embeddable":true,"href":"https:\/\/todes.com.mx\/index.php?rest_route=%2Fwp%2Fv2%2Fcomments&post=1053"}],"version-history":[{"count":3,"href":"https:\/\/todes.com.mx\/index.php?rest_route=\/wp\/v2\/posts\/1053\/revisions"}],"predecessor-version":[{"id":1057,"href":"https:\/\/todes.com.mx\/index.php?rest_route=\/wp\/v2\/posts\/1053\/revisions\/1057"}],"wp:featuredmedia":[{"embeddable":true,"href":"https:\/\/todes.com.mx\/index.php?rest_route=\/wp\/v2\/media\/1054"}],"wp:attachment":[{"href":"https:\/\/todes.com.mx\/index.php?rest_route=%2Fwp%2Fv2%2Fmedia&parent=1053"}],"wp:term":[{"taxonomy":"category","embeddable":true,"href":"https:\/\/todes.com.mx\/index.php?rest_route=%2Fwp%2Fv2%2Fcategories&post=1053"},{"taxonomy":"post_tag","embeddable":true,"href":"https:\/\/todes.com.mx\/index.php?rest_route=%2Fwp%2Fv2%2Ftags&post=1053"}],"curies":[{"name":"wp","href":"https:\/\/api.w.org\/{rel}","templated":true}]}}