{"id":1040,"date":"2023-05-03T23:38:13","date_gmt":"2023-05-04T04:38:13","guid":{"rendered":"https:\/\/todes.com.mx\/?p=1040"},"modified":"2023-05-03T23:38:14","modified_gmt":"2023-05-04T04:38:14","slug":"amenazan-al-bloque-disidente-en-reunion-sobre-marcha-del-orgullo","status":"publish","type":"post","link":"https:\/\/todes.com.mx\/?p=1040","title":{"rendered":"<strong>Amenazan al Bloque Disidente en Reuni\u00f3n sobre Marcha del Orgullo<\/strong>"},"content":{"rendered":"\n<p>El reci\u00e9n creado Bloque Disidente de la XLV Marcha de Orgullo de la CDMX denunci\u00f3 que sus integrantes recibieron amenazas por parte de Jaime Morales, director general de Diversidad Sexual y Derechos Humanos del Gobierno de la Ciudad de M\u00e9xico.<\/p>\n\n\n\n<p>Responsabiliz\u00f3 al Gobierno de la Ciudad de M\u00e9xico por cualquier acto en contra de su agrupaci\u00f3n o miembros del contingente, conden\u00f3 cualquier acto de violencia durante la marcha y se deslind\u00f3 de cualquier expresi\u00f3n de dicha \u00edndole.<\/p>\n\n\n\n<p>A trav\u00e9s de un comunicado de prensa, revelaron que pr\u00f3ximamente har\u00e1n p\u00fablico un itinerario sobre sus acciones y actividades, con el fin de mantener la transparencia y el acercamiento con la comunidad LGBTIQA de la capital del pa\u00eds.<\/p>\n\n\n\n<p>El pasado 2 de mayo se llev\u00f3 a efecto una tensa reuni\u00f3n de organizaciones, comit\u00e9s y miembros de la sociedad civil con una representaci\u00f3n del gobierno de la ciudad de M\u00e9xico, en relaci\u00f3n a la XLV Marcha de Orgullo.<\/p>\n\n\n\n<p>En el encuentro, el Bloque Disidente plante\u00f3 la necesidad de impedir automotores con el objetivo de garantizar la seguridad de la concurrencia; lo que provoc\u00f3 el rechazo de quienes desean beneficiarse econ\u00f3micamente con la venta de espacios en la marcha, sin generar apoyos reales a las poblaciones LGBTIQA.<\/p>\n\n\n\n<p>Fue entonces cuando la representaci\u00f3n del gobierno capitalino, encabezada por Jaime Morales, amenaz\u00f3 al Bloque Disidente con la intervenci\u00f3n de agentes de la Secretar\u00eda de Seguridad Ciudadana para vigilarlos, a pesar de que sus integrantes ratificaron que no realizar\u00edan acciones violentas.<\/p>\n","protected":false},"excerpt":{"rendered":"<p>El reci\u00e9n creado Bloque Disidente de la XLV Marcha de Orgullo de la CDMX denunci\u00f3 que sus integrantes recibieron amenazas por parte de Jaime Morales, director general de Diversidad Sexual y Derechos Humanos del Gobierno de la Ciudad de M\u00e9xico. Responsabiliz\u00f3 al Gobierno de la Ciudad de M\u00e9xico por cualquier acto en contra de su [&hellip;]<\/p>\n","protected":false},"author":1,"featured_media":1041,"comment_status":"open","ping_status":"open","sticky":false,"template":"","format":"standard","meta":{"advgb_blocks_editor_width":"","advgb_blocks_columns_visual_guide":"","footnotes":""},"categories":[180,2,241],"tags":[422,236,233,201],"class_list":["post-1040","post","type-post","status-publish","format-standard","has-post-thumbnail","hentry","category-derechos-umanos","category-orgullo-lgbtq","category-politica","tag-marcha-del-orgullo","tag-marcha-lbtq","tag-politica-y-marcha","tag-portada"],"author_meta":{"display_name":"Revista Todes","author_link":"https:\/\/todes.com.mx\/?author=1"},"featured_img":"https:\/\/todes.com.mx\/wp-content\/uploads\/2023\/05\/Bloque-Disidente-Boletin-300x300.jpg","coauthors":[],"tax_additional":{"categories":{"linked":["<a href=\"https:\/\/todes.com.mx\/?cat=180\" class=\"advgb-post-tax-term\">Derechos Humanos<\/a>","<a href=\"https:\/\/todes.com.mx\/?cat=2\" class=\"advgb-post-tax-term\">Orgullo LGBT<\/a>","<a href=\"https:\/\/todes.com.mx\/?cat=241\" class=\"advgb-post-tax-term\">Pol\u00edtica<\/a>"],"unlinked":["<span class=\"advgb-post-tax-term\">Derechos Humanos<\/span>","<span class=\"advgb-post-tax-term\">Orgullo LGBT<\/span>","<span class=\"advgb-post-tax-term\">Pol\u00edtica<\/span>"]},"tags":{"linked":["<a href=\"https:\/\/todes.com.mx\/?cat=241\" class=\"advgb-post-tax-term\">marcha del orgullo<\/a>","<a href=\"https:\/\/todes.com.mx\/?cat=241\" class=\"advgb-post-tax-term\">marcha lbtq+<\/a>","<a href=\"https:\/\/todes.com.mx\/?cat=241\" class=\"advgb-post-tax-term\">Pol\u00edtica y MArcha<\/a>","<a href=\"https:\/\/todes.com.mx\/?cat=241\" class=\"advgb-post-tax-term\">portada<\/a>"],"unlinked":["<span class=\"advgb-post-tax-term\">marcha del orgullo<\/span>","<span class=\"advgb-post-tax-term\">marcha lbtq+<\/span>","<span class=\"advgb-post-tax-term\">Pol\u00edtica y MArcha<\/span>","<span class=\"advgb-post-tax-term\">portada<\/span>"]}},"comment_count":"0","relative_dates":{"created":"Publicado 3 a\u00f1os hace","modified":"Actualizado 3 a\u00f1os hace"},"absolute_dates":{"created":"Publicado el 3 de mayo de 2023","modified":"Actualizado el 3 de mayo de 2023"},"absolute_dates_time":{"created":"Publicado el 3 de mayo de 2023 23:38","modified":"Actualizado el 3 de mayo de 2023 23:38"},"featured_img_caption":"","series_order":"","amp_enabled":true,"_links":{"self":[{"href":"https:\/\/todes.com.mx\/index.php?rest_route=\/wp\/v2\/posts\/1040","targetHints":{"allow":["GET"]}}],"collection":[{"href":"https:\/\/todes.com.mx\/index.php?rest_route=\/wp\/v2\/posts"}],"about":[{"href":"https:\/\/todes.com.mx\/index.php?rest_route=\/wp\/v2\/types\/post"}],"author":[{"embeddable":true,"href":"https:\/\/todes.com.mx\/index.php?rest_route=\/wp\/v2\/users\/1"}],"replies":[{"embeddable":true,"href":"https:\/\/todes.com.mx\/index.php?rest_route=%2Fwp%2Fv2%2Fcomments&post=1040"}],"version-history":[{"count":1,"href":"https:\/\/todes.com.mx\/index.php?rest_route=\/wp\/v2\/posts\/1040\/revisions"}],"predecessor-version":[{"id":1042,"href":"https:\/\/todes.com.mx\/index.php?rest_route=\/wp\/v2\/posts\/1040\/revisions\/1042"}],"wp:featuredmedia":[{"embeddable":true,"href":"https:\/\/todes.com.mx\/index.php?rest_route=\/wp\/v2\/media\/1041"}],"wp:attachment":[{"href":"https:\/\/todes.com.mx\/index.php?rest_route=%2Fwp%2Fv2%2Fmedia&parent=1040"}],"wp:term":[{"taxonomy":"category","embeddable":true,"href":"https:\/\/todes.com.mx\/index.php?rest_route=%2Fwp%2Fv2%2Fcategories&post=1040"},{"taxonomy":"post_tag","embeddable":true,"href":"https:\/\/todes.com.mx\/index.php?rest_route=%2Fwp%2Fv2%2Ftags&post=1040"}],"curies":[{"name":"wp","href":"https:\/\/api.w.org\/{rel}","templated":true}]}}